{"id":20,"count":2,"description":"","link":"https:\/\/mediaplatz.com\/hu\/category\/social-media\/","name":"Social Media","slug":"social-media","taxonomy":"category","parent":0,"meta":[],"acf":[],"yoast_head":"<!-- This site is optimized with the Yoast SEO plugin v23.2 - https:\/\/yoast.com\/wordpress\/plugins\/seo\/ -->\n<title>Social Media Archives - MediaPlatz<\/title>\n<meta name=\"robots\" content=\"index, follow, max-snippet:-1, max-image-preview:large, max-video-preview:-1\" \/>\n<link rel=\"canonical\" href=\"https:\/\/mediaplatz.com\/hu\/category\/social-media\/\" \/>\n<meta property=\"og:locale\" content=\"hu_HU\" \/>\n<meta property=\"og:type\" content=\"article\" \/>\n<meta property=\"og:title\" content=\"Social Media Archives - MediaPlatz\" \/>\n<meta property=\"og:url\" content=\"https:\/\/mediaplatz.com\/hu\/category\/social-media\/\" \/>\n<meta property=\"og:site_name\" content=\"MediaPlatz\" \/>\n<meta name=\"twitter:card\" content=\"summary_large_image\" \/>\n<script type=\"application\/ld+json\" class=\"yoast-schema-graph\">{\"@context\":\"https:\/\/schema.org\",\"@graph\":[{\"@type\":\"CollectionPage\",\"@id\":\"https:\/\/mediaplatz.com\/hu\/category\/social-media\/\",\"url\":\"https:\/\/mediaplatz.com\/hu\/category\/social-media\/\",\"name\":\"Social Media Archives - MediaPlatz\",\"isPartOf\":{\"@id\":\"https:\/\/mediaplatz.com\/#website\"},\"breadcrumb\":{\"@id\":\"https:\/\/mediaplatz.com\/hu\/category\/social-media\/#breadcrumb\"},\"inLanguage\":\"hu\"},{\"@type\":\"BreadcrumbList\",\"@id\":\"https:\/\/mediaplatz.com\/hu\/category\/social-media\/#breadcrumb\",\"itemListElement\":[{\"@type\":\"ListItem\",\"position\":1,\"name\":\"Home\",\"item\":\"https:\/\/mediaplatz.com\/hu\/\"},{\"@type\":\"ListItem\",\"position\":2,\"name\":\"Social Media\"}]},{\"@type\":\"WebSite\",\"@id\":\"https:\/\/mediaplatz.com\/#website\",\"url\":\"https:\/\/mediaplatz.com\/\",\"name\":\"MediaPlatz\",\"description\":\"Stresszmentes WordPress t\u00e1rhely \u00e9s karbantart\u00e1s\",\"publisher\":{\"@id\":\"https:\/\/mediaplatz.com\/#organization\"},\"potentialAction\":[{\"@type\":\"SearchAction\",\"target\":{\"@type\":\"EntryPoint\",\"urlTemplate\":\"https:\/\/mediaplatz.com\/?s={search_term_string}\"},\"query-input\":\"required name=search_term_string\"}],\"inLanguage\":\"hu\"},{\"@type\":\"Organization\",\"@id\":\"https:\/\/mediaplatz.com\/#organization\",\"name\":\"MediaPlatz\",\"url\":\"https:\/\/mediaplatz.com\/\",\"logo\":{\"@type\":\"ImageObject\",\"inLanguage\":\"hu\",\"@id\":\"https:\/\/mediaplatz.com\/#\/schema\/logo\/image\/\",\"url\":\"https:\/\/mediaplatz.com\/wp-content\/uploads\/2020\/05\/MP_logo_inverse.png\",\"contentUrl\":\"https:\/\/mediaplatz.com\/wp-content\/uploads\/2020\/05\/MP_logo_inverse.png\",\"width\":221,\"height\":16,\"caption\":\"MediaPlatz\"},\"image\":{\"@id\":\"https:\/\/mediaplatz.com\/#\/schema\/logo\/image\/\"}}]}<\/script>\n<!-- \/ Yoast SEO plugin. -->","yoast_head_json":{"title":"Social Media Archives - MediaPlatz","robots":{"index":"index","follow":"follow","max-snippet":"max-snippet:-1","max-image-preview":"max-image-preview:large","max-video-preview":"max-video-preview:-1"},"canonical":"https:\/\/mediaplatz.com\/hu\/category\/social-media\/","og_locale":"hu_HU","og_type":"article","og_title":"Social Media Archives - MediaPlatz","og_url":"https:\/\/mediaplatz.com\/hu\/category\/social-media\/","og_site_name":"MediaPlatz","twitter_card":"summary_large_image","schema":{"@context":"https:\/\/schema.org","@graph":[{"@type":"CollectionPage","@id":"https:\/\/mediaplatz.com\/hu\/category\/social-media\/","url":"https:\/\/mediaplatz.com\/hu\/category\/social-media\/","name":"Social Media Archives - MediaPlatz","isPartOf":{"@id":"https:\/\/mediaplatz.com\/#website"},"breadcrumb":{"@id":"https:\/\/mediaplatz.com\/hu\/category\/social-media\/#breadcrumb"},"inLanguage":"hu"},{"@type":"BreadcrumbList","@id":"https:\/\/mediaplatz.com\/hu\/category\/social-media\/#breadcrumb","itemListElement":[{"@type":"ListItem","position":1,"name":"Home","item":"https:\/\/mediaplatz.com\/hu\/"},{"@type":"ListItem","position":2,"name":"Social Media"}]},{"@type":"WebSite","@id":"https:\/\/mediaplatz.com\/#website","url":"https:\/\/mediaplatz.com\/","name":"MediaPlatz","description":"Stresszmentes WordPress t\u00e1rhely \u00e9s karbantart\u00e1s","publisher":{"@id":"https:\/\/mediaplatz.com\/#organization"},"potentialAction":[{"@type":"SearchAction","target":{"@type":"EntryPoint","urlTemplate":"https:\/\/mediaplatz.com\/?s={search_term_string}"},"query-input":"required name=search_term_string"}],"inLanguage":"hu"},{"@type":"Organization","@id":"https:\/\/mediaplatz.com\/#organization","name":"MediaPlatz","url":"https:\/\/mediaplatz.com\/","logo":{"@type":"ImageObject","inLanguage":"hu","@id":"https:\/\/mediaplatz.com\/#\/schema\/logo\/image\/","url":"https:\/\/mediaplatz.com\/wp-content\/uploads\/2020\/05\/MP_logo_inverse.png","contentUrl":"https:\/\/mediaplatz.com\/wp-content\/uploads\/2020\/05\/MP_logo_inverse.png","width":221,"height":16,"caption":"MediaPlatz"},"image":{"@id":"https:\/\/mediaplatz.com\/#\/schema\/logo\/image\/"}}]}},"_links":{"self":[{"href":"https:\/\/mediaplatz.com\/hu\/wp-json\/wp\/v2\/categories\/20"}],"collection":[{"href":"https:\/\/mediaplatz.com\/hu\/wp-json\/wp\/v2\/categories"}],"about":[{"href":"https:\/\/mediaplatz.com\/hu\/wp-json\/wp\/v2\/taxonomies\/category"}],"wp:post_type":[{"href":"https:\/\/mediaplatz.com\/hu\/wp-json\/wp\/v2\/posts?categories=20"}],"curies":[{"name":"wp","href":"https:\/\/api.w.org\/{rel}","templated":true}]}}