{"id":370,"date":"2018-11-12T19:22:44","date_gmt":"2018-11-12T19:22:44","guid":{"rendered":"https:\/\/mediaplatz.com\/?p=370"},"modified":"2019-06-17T12:40:27","modified_gmt":"2019-06-17T12:40:27","slug":"wordpress-gdpr-plugin-serulekenyseget-kihasznalva-tortek-fel-es-fertoztek-meg-tobb-ezer-weboldalt","status":"publish","type":"post","link":"https:\/\/mediaplatz.com\/hu\/wordpress-gdpr-plugin-serulekenyseget-kihasznalva-tortek-fel-es-fertoztek-meg-tobb-ezer-weboldalt\/","title":{"rendered":"WordPress GDPR plugin s\u00e9r\u00fcl\u00e9kenys\u00e9g\u00e9t kihaszn\u00e1lva t\u00f6rtek fel \u00e9s fert\u0151ztek meg t\u00f6bb ezer weboldalt"},"content":{"rendered":"<p>Az ut\u00f3bbi napokban sz\u00e1mos WordPress honlap tulajdonos tapasztalta, hogy weboldala nem t\u00f6lt be rendesen. Ez a bosszant\u00f3 probl\u00e9ma egy igen n\u00e9pszer\u0171 b\u0151v\u00edtm\u00e9nynek, a WP GDPR Compliance pluginnak k\u00f6sz\u00f6nhet\u0151: a b\u0151v\u00edtm\u00e9ny olyan s\u00e9r\u00fcl\u00e9kenys\u00e9ggel rendelkezik, amelyet kihaszn\u00e1lva k\u00f6nnyed\u00e9n felt\u00f6rhetik az adott WordPress weboldalt.<\/p>\n<p>M\u00e1jus 25-\u00e9vel hat\u00e1lyba l\u00e9pett az \u00faj \u00c1ltal\u00e1nos Adatv\u00e9delmi Rendelet (GDPR), aminek k\u00f6sz\u00f6nhet\u0151en a\u00a0<a href=\"https:\/\/wordpress.org\/plugins\/wp-gdpr-compliance\/\" target=\"_blank\" rel=\"noopener noreferrer\"><strong>WP GDPR Compliance plugin<\/strong><\/a>\u00a0gyorsan n\u00e9pszer\u0171v\u00e9 v\u00e1lt a honlaptulajdonosok k\u00f6r\u00e9ben, hiszen ennek seg\u00edts\u00e9g\u00e9vel k\u00f6nnyed\u00e9n alkalmass\u00e1 tehett\u00e9k oldalukat az \u00faj t\u00f6rv\u00e9nyi el\u0151\u00edr\u00e1soknak megfelel\u0151en. A plugint m\u00e1r\u00a0<strong>t\u00f6bb mint 100.000-szer (!)<\/strong>\u00a0telep\u00edtett\u00e9k, ez\u00e9rt a vesz\u00e9lyeztetett oldalak sz\u00e1ma igen magas.<\/p>\n<p>A s\u00e9r\u00fcl\u00e9kenys\u00e9g egy \u00fagynevezett<strong>\u00a0jogosults\u00e1gn\u00f6vel\u00e9s (priviledge escalation)<\/strong>sebezhet\u0151s\u00e9get takar\u00a0<strong>a b\u0151v\u00edtm\u00e9ny 1.4.2-es \u00e9s ann\u00e1l r\u00e9gebbi verzi\u00f3j\u00e1n\u00e1l<\/strong>, ezt kihaszn\u00e1lva a t\u00e1mad\u00f3k adatb\u00e1zis m\u00f3dos\u00edt\u00e1sokat tudnak v\u00e9grehajtani az adott honlapn\u00e1l. Ez igen komoly vesz\u00e9lyt jelent minden WordPress weboldal sz\u00e1m\u00e1ra, ha te is haszn\u00e1lod a WP GDPR Comliance plugint, \u00e9rdemes min\u00e9l hamarabb gondoskodnod adataid \u00e9s weboldalad biztons\u00e1g\u00e1r\u00f3l!<\/p>\n<p>&nbsp;<\/p>\n<h3>A fert\u0151z\u00e9s jelei<\/h3>\n<p>A WordPress a siteurl haszn\u00e1lat\u00e1val gener\u00e1l linkeket a statikus tartalmakhoz, mint p\u00e9ld\u00e1ul javascript, CSS \u00e9s k\u00e9pi elemek. A t\u00e1mad\u00f3k ezt a siteurl-t \u00edrt\u00e1k \u00e1t a saj\u00e1t c\u00edm\u00fckre (erealitatea[.]net vagy m\u00e1s oldalra) \u00edgy a felt\u00f6rt honlapok vagy nem t\u00f6lt\u00f6ttek be rendesen vagy \u00e1t lettek ir\u00e1ny\u00edtva.<\/p>\n<figure id=\"attachment_373\" aria-describedby=\"caption-attachment-373\" style=\"width: 386px\" class=\"wp-caption aligncenter\"><img fetchpriority=\"high\" decoding=\"async\" class=\"size-full wp-image-373\" src=\"https:\/\/mediaplatz.com\/wp-content\/uploads\/2019\/05\/Ke\u0301pernyo\u030bfoto\u0301-2018-11-11-15.15.55.png\" alt=\"\" width=\"396\" height=\"285\" srcset=\"https:\/\/mediaplatz.com\/wp-content\/uploads\/2019\/05\/Ke\u0301pernyo\u030bfoto\u0301-2018-11-11-15.15.55.png 396w, https:\/\/mediaplatz.com\/wp-content\/uploads\/2019\/05\/Ke\u0301pernyo\u030bfoto\u0301-2018-11-11-15.15.55-300x216.png 300w\" sizes=\"(max-width: 396px) 100vw, 396px\" \/><figcaption id=\"caption-attachment-373\" class=\"wp-caption-text\">A wp-admin oldal st\u00edluselemei nem t\u00f6ltenek be, mivel \u00e1t\u00edrt\u00e1k a siteurl-t<\/figcaption><\/figure>\n<p>A erealitatea[.]net jelenleg el\u00e9rhetetlen, ez\u00e9rt a felt\u00f6rt oldalak bet\u00f6lt\u0151d\u00e9se nagyon sok id\u0151t vesz ig\u00e9nybe, de ha \u00fajra el\u00e9rhet\u0151v\u00e9 v\u00e1lik, akkor a fert\u0151z\u00f6tt oldalakon kereszt\u00fcl k\u00e1rt\u00e9kony tartalmakat tudnak eljuttatni a gyan\u00fatlan l\u00e1togat\u00f3k g\u00e9p\u00e9re.<\/p>\n<p>A t\u00e1mad\u00e1s r\u00e9szek\u00e9nt az is el\u0151fordulhat, hogy m\u00f3dos\u00edtj\u00e1k a honlaptulajdonos admin jogosults\u00e1g\u00e1t, \u00edgy lehetetlenn\u00e9 t\u00e9ve az admin fel\u00fcletre t\u00f6rt\u00e9n\u0151 bel\u00e9p\u00e9st \u00e9s a siteurl m\u00f3dos\u00edt\u00e1s\u00e1nak az \u00e9szlel\u00e9s\u00e9t.<\/p>\n<h3><\/h3>\n<h3>\u00c1ll\u00edtsd vissza a siteurl-t<\/h3>\n<p>A megold\u00e1s egyszer\u0171, nem kell m\u00e1st tenned, mint az adatb\u00e1zisban a\u00a0<strong>wp_options<\/strong>t\u00e1bl\u00e1t m\u00f3dos\u00edtani: az\u00a0<strong>option_name<\/strong>\u00a0oszlopban keresd meg a siteurl-t, majd az \u00e9rt\u00e9k\u00e9t (option_vlaue) \u00edrd \u00e1t az eredeti domainre.<\/p>\n<p><img decoding=\"async\" class=\"aligncenter size-full wp-image-375\" src=\"https:\/\/mediaplatz.com\/wp-content\/uploads\/2019\/05\/phpmyadmin_v3.gif\" alt=\"\" width=\"650\" height=\"400\" \/><\/p>\n<p>Az al\u00e1bbi SQL k\u00e9r\u00e9ssel is megv\u00e1ltoztathatod ezt az \u00e9rt\u00e9keket:<\/p>\n<p><code>UPDATE `wp_options` SET option_vaue = 'http:\/\/sajatdomain.hu option_name = 'siteurl';<\/code><\/p>\n<p>Fontos: lehet, hogy a WordPress telep\u00edt\u00e9sekor az adatb\u00e1zis t\u00e1bl\u00e1knak m\u00e1s el\u0151tagot adt\u00e1l meg (wp_options helyett valami_options), ez\u00e9rt az SQL k\u00e9r\u00e9s el\u0151tt ezt mindenk\u00e9pp ellen\u0151rizd!<\/p>\n<h3><\/h3>\n<h3>Alternat\u00edv megold\u00e1s<\/h3>\n<p>Amennyiben nem f\u00e9rsz hozz\u00e1 a weboldal adatb\u00e1zis\u00e1hoz, vagy nem sz\u00edvesen ny\u00falsz bele az SQL t\u00e1bl\u00e1kba, van egy m\u00e1sik megold\u00e1s is, amivel m\u00f3dos\u00edtani tudod a siteurl \u00e9rt\u00e9ket.<br \/>\nEhhez nem kell m\u00e1st tenned, mint megnyitni a\u00a0<strong>wp-config.php<\/strong>\u00a0filet \u00e9s a\u00a0<strong>&lt;?php<\/strong>\u00a0tag ut\u00e1n a az al\u00e1bbi sorokat be\u00edrni:<\/p>\n<p><code>define( 'WP_HOME', 'http:\/\/sajatdomain.hu' );<br \/>\ndefine( 'WP_SITEURL', 'http:\/\/sajatdomain.hu' );<\/code><\/p>\n<p><img decoding=\"async\" class=\"aligncenter size-full wp-image-377\" src=\"https:\/\/mediaplatz.com\/wp-content\/uploads\/2019\/05\/siteurl_wpconfig.gif\" alt=\"\" width=\"640\" height=\"280\" \/><\/p>\n<p>Fontos megjegyezni, hogy a WP GDPR Compliance sebezhet\u0151s\u00e9ge nem csak a siteurl m\u00f3dos\u00edt\u00e1s\u00e1ra ad lehet\u0151s\u00e9get a t\u00e1mad\u00f3knak, hanem \u00faj, admin jogosults\u00e1ggal rendelkez\u0151 felhaszn\u00e1l\u00f3k l\u00e9trehoz\u00e1s\u00e1ra is, illetve idegen fileok elhelyez\u00e9s\u00e9re a WordPress k\u00f6nyvt\u00e1r\u00e1ban.<\/p>\n<p>Mindenk\u00e9ppen ellen\u0151rizd weboldalad felhaszn\u00e1l\u00f3it, \u00e9s amennyiben gyan\u00fas fi\u00f3kokat tal\u00e1lsz, azonnal t\u00f6r\u00f6ld \u0151ket. Leggyakrabban az al\u00e1bbi felhaszn\u00e1l\u00f3nevekkel tal\u00e1lkozhatunk:<\/p>\n<ul>\n<li>t2trollherten<\/li>\n<li>t3trollherten<\/li>\n<li>superuser<\/li>\n<\/ul>\n<p>Tov\u00e1bb\u00e1 a WordPress gy\u00f6k\u00e9rk\u00f6nyvt\u00e1r\u00e1ban legt\u00f6bbsz\u00f6r egy\u00a0<strong>wp-cache.php<\/strong>\u00a0filet fedezt\u00fcnk fel.<br \/>\nEzeket a felhaszn\u00e1l\u00f3i fi\u00f3kokat \u00e9s a t\u00e1rhelyen elhelyezett idegen filet is a t\u00e1mad\u00f3k hozz\u00e1k l\u00e9tre, hogy meg\u0151rizz\u00e9k hozz\u00e1f\u00e9r\u00e9s\u00fcket a felt\u00f6rt weboldalhoz a biztons\u00e1gi r\u00e9sek befoltoz\u00e1sa ut\u00e1n is. Ezeket mind felt\u00e9tlen\u00fcl t\u00e1vol\u00edtsd el, majd friss\u00edtsd a WP GDPR Compliance plugint a legaktu\u00e1lisabb verzi\u00f3ra.<\/p>\n<p>&nbsp;<\/p>\n<h3>V\u00e1ltoztasd meg az admin felhaszn\u00e1l\u00f3 jelszav\u00e1t<\/h3>\n<p>A t\u00e1mad\u00e1s r\u00e9szek\u00e9nt el\u0151fordulhat, hogy m\u00f3dos\u00edtj\u00e1k az admin felhaszn\u00e1l\u00f3 jelszav\u00e1t, \u00edgy hi\u00e1ba \u00edrod \u00e1t a siteurl-t, a WordPress adminisztr\u00e1ci\u00f3s fel\u00fcletre nem fogsz tudni bel\u00e9pni.\u00a0Ebben az esetben m\u00f3dos\u00edtanod kell a\u00a0<strong>wp_users<\/strong>\u00a0\u00a0t\u00e1bl\u00e1ban az admin felhaszn\u00e1l\u00f3 jelszav\u00e1t. Keresd meg az admin usert, majd kattints a m\u00f3dos\u00edt\u00e1sra.<\/p>\n<p><img loading=\"lazy\" decoding=\"async\" class=\"aligncenter size-full wp-image-379\" src=\"https:\/\/mediaplatz.com\/wp-content\/uploads\/2019\/05\/wp_admin_user.png\" alt=\"\" width=\"640\" height=\"38\" srcset=\"https:\/\/mediaplatz.com\/wp-content\/uploads\/2019\/05\/wp_admin_user.png 640w, https:\/\/mediaplatz.com\/wp-content\/uploads\/2019\/05\/wp_admin_user-300x18.png 300w\" sizes=\"(max-width: 640px) 100vw, 640px\" \/><\/p>\n<p>Ezut\u00e1n a<strong>\u00a0user_pass<\/strong>\u00a0r\u00e9szn\u00e9l v\u00e1laszd az\u00a0<strong>MD5<\/strong>\u00a0k\u00f3dol\u00e1st (ezzel a hash f\u00fcggv\u00e9nnyel lesz titkos\u00edtva jelszavad) \u00e9s az \u00e9rt\u00e9k r\u00e9szhez \u00edrd be a haszn\u00e1lni k\u00edv\u00e1nt jelsz\u00f3t. Ment\u00e9s ut\u00e1n megv\u00e1ltozik az admin felhaszn\u00e1l\u00f3 jelszava, \u00edgy \u00fajra be tudsz majd l\u00e9pni az adminisztr\u00e1ci\u00f3s fel\u00fcletre.<\/p>\n<p><img loading=\"lazy\" decoding=\"async\" class=\"aligncenter size-full wp-image-381\" src=\"https:\/\/mediaplatz.com\/wp-content\/uploads\/2019\/05\/wp_admin_pass.png\" alt=\"\" width=\"648\" height=\"159\" srcset=\"https:\/\/mediaplatz.com\/wp-content\/uploads\/2019\/05\/wp_admin_pass.png 648w, https:\/\/mediaplatz.com\/wp-content\/uploads\/2019\/05\/wp_admin_pass-300x74.png 300w\" sizes=\"(max-width: 648px) 100vw, 648px\" \/><\/p>\n<h3><\/h3>\n<h3>Konkl\u00fazi\u00f3<\/h3>\n<p>A legfontosabb az, hogy WP GDPR Compliance b\u0151v\u00edtm\u00e9nyt a legaktu\u00e1lisabb verzi\u00f3ra friss\u00edtsd, valamint, hogy a felhaszn\u00e1l\u00f3k regisztr\u00e1ci\u00f3j\u00e1nak lehet\u0151s\u00e9g\u00e9t felf\u00fcggeszd \u00e9s a megl\u00e9v\u0151 felhaszn\u00e1l\u00f3k jogosults\u00e1gait ellen\u0151rizd.<\/p>\n<p>Sajnos nem ez az els\u0151 eset, hogy egy n\u00e9pszer\u0171 plugin, vagy sablon sebezhet\u0151s\u00e9g\u00e9t kihasznv\u00e1lva, t\u00f6bb ezer WordPress oldalt fert\u0151znek meg. K\u00e9sz\u00edts mindig\u00a0<strong>biztons\u00e1gi ment\u00e9st<\/strong>\u00a0honlapodr\u00f3l \u00e9s\u00a0<strong>folyamatosan friss\u00edtsd a WordPress alaprendszer\u00e9t<\/strong>\u00a0\u00e9s a\u00a0<strong>telep\u00edtett b\u0151v\u00edtm\u00e9nyeket<\/strong>. Ezen k\u00edv\u00fcl mindenk\u00e9ppen \u00e9rdemes webalkalmaz\u00e1s t\u0171zfalat\u00a0<strong>(WAF)<\/strong>\u00a0haszn\u00e1lnod, ami kisz\u0171ri \u00e9s megv\u00e9di honlapodat a k\u00e1rt\u00e9kony k\u00f3dokt\u00f3l.<\/p>\n<p>Szerencs\u00e9re a cikk\u00fcnkben le\u00edrt p\u00e1r l\u00e9p\u00e9ssel te is ki tudod k\u00fcsz\u00f6b\u00f6lni ezt a probl\u00e9m\u00e1t. Ha viszont bizonytalan vagy, seg\u00edts\u00e9gre van sz\u00fcks\u00e9ged \u00e9s teljesen biztosra akarsz menni, akkor\u00a0<a href=\"\/segithetunk\/\">vedd fel vel\u00fcnk a kapcsolatot<\/a>\u00a0\u00e9s mi sz\u00edvesen seg\u00edt\u00fcnk!<\/p>\n","protected":false},"excerpt":{"rendered":"<p>Az ut\u00f3bbi napokban sz\u00e1mos WordPress honlap tulajdonos tapasztalta, hogy weboldala nem t\u00f6lt be rendesen. Ez a bosszant\u00f3 probl\u00e9ma egy igen n\u00e9pszer\u0171 b\u0151v\u00edtm\u00e9nynek, a WP GDPR Compliance pluginnak k\u00f6sz\u00f6nhet\u0151: a b\u0151v\u00edtm\u00e9ny olyan s\u00e9r\u00fcl\u00e9kenys\u00e9ggel rendelkezik, amelyet kihaszn\u00e1lva k\u00f6nnyed\u00e9n felt\u00f6rhetik az adott WordPress weboldalt. M\u00e1jus 25-\u00e9vel hat\u00e1lyba l\u00e9pett az \u00faj \u00c1ltal\u00e1nos Adatv\u00e9delmi Rendelet (GDPR), aminek k\u00f6sz\u00f6nhet\u0151en a\u00a0WP GDPR &#8230; <a title=\"WordPress GDPR plugin s\u00e9r\u00fcl\u00e9kenys\u00e9g\u00e9t kihaszn\u00e1lva t\u00f6rtek fel \u00e9s fert\u0151ztek meg t\u00f6bb ezer weboldalt\" class=\"read-more\" href=\"https:\/\/mediaplatz.com\/hu\/wordpress-gdpr-plugin-serulekenyseget-kihasznalva-tortek-fel-es-fertoztek-meg-tobb-ezer-weboldalt\/\" aria-label=\"Read more about WordPress GDPR plugin s\u00e9r\u00fcl\u00e9kenys\u00e9g\u00e9t kihaszn\u00e1lva t\u00f6rtek fel \u00e9s fert\u0151ztek meg t\u00f6bb ezer weboldalt\">Olvass tov\u00e1bb<\/a><\/p>\n","protected":false},"author":2,"featured_media":371,"comment_status":"open","ping_status":"open","sticky":false,"template":"","format":"standard","meta":{"_acf_changed":false,"inline_featured_image":false,"footnotes":""},"categories":[21],"tags":[],"class_list":["post-370","post","type-post","status-publish","format-standard","has-post-thumbnail","hentry","category-wordpress"],"acf":[],"yoast_head":"<!-- This site is optimized with the Yoast SEO plugin v23.2 - https:\/\/yoast.com\/wordpress\/plugins\/seo\/ -->\n<title>WordPress GDPR plugin s\u00e9r\u00fcl\u00e9kenys\u00e9g\u00e9t kihaszn\u00e1lva t\u00f6rtek fel \u00e9s fert\u0151ztek meg t\u00f6bb ezer weboldalt - MediaPlatz<\/title>\n<meta name=\"robots\" content=\"index, follow, max-snippet:-1, max-image-preview:large, max-video-preview:-1\" \/>\n<link rel=\"canonical\" href=\"https:\/\/mediaplatz.com\/hu\/wordpress-gdpr-plugin-serulekenyseget-kihasznalva-tortek-fel-es-fertoztek-meg-tobb-ezer-weboldalt\/\" \/>\n<meta property=\"og:locale\" content=\"hu_HU\" \/>\n<meta property=\"og:type\" content=\"article\" \/>\n<meta property=\"og:title\" content=\"WordPress GDPR plugin s\u00e9r\u00fcl\u00e9kenys\u00e9g\u00e9t kihaszn\u00e1lva t\u00f6rtek fel \u00e9s fert\u0151ztek meg t\u00f6bb ezer weboldalt - MediaPlatz\" \/>\n<meta property=\"og:description\" content=\"Az ut\u00f3bbi napokban sz\u00e1mos WordPress honlap tulajdonos tapasztalta, hogy weboldala nem t\u00f6lt be rendesen. Ez a bosszant\u00f3 probl\u00e9ma egy igen n\u00e9pszer\u0171 b\u0151v\u00edtm\u00e9nynek, a WP GDPR Compliance pluginnak k\u00f6sz\u00f6nhet\u0151: a b\u0151v\u00edtm\u00e9ny olyan s\u00e9r\u00fcl\u00e9kenys\u00e9ggel rendelkezik, amelyet kihaszn\u00e1lva k\u00f6nnyed\u00e9n felt\u00f6rhetik az adott WordPress weboldalt. M\u00e1jus 25-\u00e9vel hat\u00e1lyba l\u00e9pett az \u00faj \u00c1ltal\u00e1nos Adatv\u00e9delmi Rendelet (GDPR), aminek k\u00f6sz\u00f6nhet\u0151en a\u00a0WP GDPR ... Olvass tov\u00e1bb\" \/>\n<meta property=\"og:url\" content=\"https:\/\/mediaplatz.com\/hu\/wordpress-gdpr-plugin-serulekenyseget-kihasznalva-tortek-fel-es-fertoztek-meg-tobb-ezer-weboldalt\/\" \/>\n<meta property=\"og:site_name\" content=\"MediaPlatz\" \/>\n<meta property=\"article:published_time\" content=\"2018-11-12T19:22:44+00:00\" \/>\n<meta property=\"article:modified_time\" content=\"2019-06-17T12:40:27+00:00\" \/>\n<meta name=\"author\" content=\"Mosonyi G\u00e1bor\" \/>\n<meta name=\"twitter:card\" content=\"summary_large_image\" \/>\n<meta name=\"twitter:label1\" content=\"Szerz\u0151:\" \/>\n\t<meta name=\"twitter:data1\" content=\"Mosonyi G\u00e1bor\" \/>\n\t<meta name=\"twitter:label2\" content=\"Becs\u00fclt olvas\u00e1si id\u0151\" \/>\n\t<meta name=\"twitter:data2\" content=\"6 perc\" \/>\n<script type=\"application\/ld+json\" class=\"yoast-schema-graph\">{\"@context\":\"https:\/\/schema.org\",\"@graph\":[{\"@type\":\"Article\",\"@id\":\"https:\/\/mediaplatz.com\/hu\/wordpress-gdpr-plugin-serulekenyseget-kihasznalva-tortek-fel-es-fertoztek-meg-tobb-ezer-weboldalt\/#article\",\"isPartOf\":{\"@id\":\"https:\/\/mediaplatz.com\/hu\/wordpress-gdpr-plugin-serulekenyseget-kihasznalva-tortek-fel-es-fertoztek-meg-tobb-ezer-weboldalt\/\"},\"author\":{\"name\":\"Mosonyi G\u00e1bor\",\"@id\":\"https:\/\/mediaplatz.com\/#\/schema\/person\/3c0ab4f2e7b86e78659ef45920fd35ee\"},\"headline\":\"WordPress GDPR plugin s\u00e9r\u00fcl\u00e9kenys\u00e9g\u00e9t kihaszn\u00e1lva t\u00f6rtek fel \u00e9s fert\u0151ztek meg t\u00f6bb ezer weboldalt\",\"datePublished\":\"2018-11-12T19:22:44+00:00\",\"dateModified\":\"2019-06-17T12:40:27+00:00\",\"mainEntityOfPage\":{\"@id\":\"https:\/\/mediaplatz.com\/hu\/wordpress-gdpr-plugin-serulekenyseget-kihasznalva-tortek-fel-es-fertoztek-meg-tobb-ezer-weboldalt\/\"},\"wordCount\":1117,\"commentCount\":0,\"publisher\":{\"@id\":\"https:\/\/mediaplatz.com\/#organization\"},\"image\":{\"@id\":\"https:\/\/mediaplatz.com\/hu\/wordpress-gdpr-plugin-serulekenyseget-kihasznalva-tortek-fel-es-fertoztek-meg-tobb-ezer-weboldalt\/#primaryimage\"},\"thumbnailUrl\":\"https:\/\/mediaplatz.com\/wp-content\/uploads\/2019\/05\/blog-04.svg\",\"articleSection\":[\"WordPress\"],\"inLanguage\":\"hu\",\"potentialAction\":[{\"@type\":\"CommentAction\",\"name\":\"Comment\",\"target\":[\"https:\/\/mediaplatz.com\/hu\/wordpress-gdpr-plugin-serulekenyseget-kihasznalva-tortek-fel-es-fertoztek-meg-tobb-ezer-weboldalt\/#respond\"]}]},{\"@type\":\"WebPage\",\"@id\":\"https:\/\/mediaplatz.com\/hu\/wordpress-gdpr-plugin-serulekenyseget-kihasznalva-tortek-fel-es-fertoztek-meg-tobb-ezer-weboldalt\/\",\"url\":\"https:\/\/mediaplatz.com\/hu\/wordpress-gdpr-plugin-serulekenyseget-kihasznalva-tortek-fel-es-fertoztek-meg-tobb-ezer-weboldalt\/\",\"name\":\"WordPress GDPR plugin s\u00e9r\u00fcl\u00e9kenys\u00e9g\u00e9t kihaszn\u00e1lva t\u00f6rtek fel \u00e9s fert\u0151ztek meg t\u00f6bb ezer weboldalt - MediaPlatz\",\"isPartOf\":{\"@id\":\"https:\/\/mediaplatz.com\/#website\"},\"primaryImageOfPage\":{\"@id\":\"https:\/\/mediaplatz.com\/hu\/wordpress-gdpr-plugin-serulekenyseget-kihasznalva-tortek-fel-es-fertoztek-meg-tobb-ezer-weboldalt\/#primaryimage\"},\"image\":{\"@id\":\"https:\/\/mediaplatz.com\/hu\/wordpress-gdpr-plugin-serulekenyseget-kihasznalva-tortek-fel-es-fertoztek-meg-tobb-ezer-weboldalt\/#primaryimage\"},\"thumbnailUrl\":\"https:\/\/mediaplatz.com\/wp-content\/uploads\/2019\/05\/blog-04.svg\",\"datePublished\":\"2018-11-12T19:22:44+00:00\",\"dateModified\":\"2019-06-17T12:40:27+00:00\",\"breadcrumb\":{\"@id\":\"https:\/\/mediaplatz.com\/hu\/wordpress-gdpr-plugin-serulekenyseget-kihasznalva-tortek-fel-es-fertoztek-meg-tobb-ezer-weboldalt\/#breadcrumb\"},\"inLanguage\":\"hu\",\"potentialAction\":[{\"@type\":\"ReadAction\",\"target\":[\"https:\/\/mediaplatz.com\/hu\/wordpress-gdpr-plugin-serulekenyseget-kihasznalva-tortek-fel-es-fertoztek-meg-tobb-ezer-weboldalt\/\"]}]},{\"@type\":\"ImageObject\",\"inLanguage\":\"hu\",\"@id\":\"https:\/\/mediaplatz.com\/hu\/wordpress-gdpr-plugin-serulekenyseget-kihasznalva-tortek-fel-es-fertoztek-meg-tobb-ezer-weboldalt\/#primaryimage\",\"url\":\"https:\/\/mediaplatz.com\/wp-content\/uploads\/2019\/05\/blog-04.svg\",\"contentUrl\":\"https:\/\/mediaplatz.com\/wp-content\/uploads\/2019\/05\/blog-04.svg\"},{\"@type\":\"BreadcrumbList\",\"@id\":\"https:\/\/mediaplatz.com\/hu\/wordpress-gdpr-plugin-serulekenyseget-kihasznalva-tortek-fel-es-fertoztek-meg-tobb-ezer-weboldalt\/#breadcrumb\",\"itemListElement\":[{\"@type\":\"ListItem\",\"position\":1,\"name\":\"Home\",\"item\":\"https:\/\/mediaplatz.com\/hu\/\"},{\"@type\":\"ListItem\",\"position\":2,\"name\":\"WordPress GDPR plugin s\u00e9r\u00fcl\u00e9kenys\u00e9g\u00e9t kihaszn\u00e1lva t\u00f6rtek fel \u00e9s fert\u0151ztek meg t\u00f6bb ezer weboldalt\"}]},{\"@type\":\"WebSite\",\"@id\":\"https:\/\/mediaplatz.com\/#website\",\"url\":\"https:\/\/mediaplatz.com\/\",\"name\":\"MediaPlatz\",\"description\":\"Stresszmentes WordPress t\u00e1rhely \u00e9s karbantart\u00e1s\",\"publisher\":{\"@id\":\"https:\/\/mediaplatz.com\/#organization\"},\"potentialAction\":[{\"@type\":\"SearchAction\",\"target\":{\"@type\":\"EntryPoint\",\"urlTemplate\":\"https:\/\/mediaplatz.com\/?s={search_term_string}\"},\"query-input\":\"required name=search_term_string\"}],\"inLanguage\":\"hu\"},{\"@type\":\"Organization\",\"@id\":\"https:\/\/mediaplatz.com\/#organization\",\"name\":\"MediaPlatz\",\"url\":\"https:\/\/mediaplatz.com\/\",\"logo\":{\"@type\":\"ImageObject\",\"inLanguage\":\"hu\",\"@id\":\"https:\/\/mediaplatz.com\/#\/schema\/logo\/image\/\",\"url\":\"https:\/\/mediaplatz.com\/wp-content\/uploads\/2020\/05\/MP_logo_inverse.png\",\"contentUrl\":\"https:\/\/mediaplatz.com\/wp-content\/uploads\/2020\/05\/MP_logo_inverse.png\",\"width\":221,\"height\":16,\"caption\":\"MediaPlatz\"},\"image\":{\"@id\":\"https:\/\/mediaplatz.com\/#\/schema\/logo\/image\/\"}},{\"@type\":\"Person\",\"@id\":\"https:\/\/mediaplatz.com\/#\/schema\/person\/3c0ab4f2e7b86e78659ef45920fd35ee\",\"name\":\"Mosonyi G\u00e1bor\",\"image\":{\"@type\":\"ImageObject\",\"inLanguage\":\"hu\",\"@id\":\"https:\/\/mediaplatz.com\/#\/schema\/person\/image\/\",\"url\":\"https:\/\/secure.gravatar.com\/avatar\/deaaa025cb389843fcf14f8f978cc3f7?s=96&d=mm&r=g\",\"contentUrl\":\"https:\/\/secure.gravatar.com\/avatar\/deaaa025cb389843fcf14f8f978cc3f7?s=96&d=mm&r=g\",\"caption\":\"Mosonyi G\u00e1bor\"},\"url\":\"https:\/\/mediaplatz.com\/hu\/author\/gabor\/\"}]}<\/script>\n<!-- \/ Yoast SEO plugin. -->","yoast_head_json":{"title":"WordPress GDPR plugin s\u00e9r\u00fcl\u00e9kenys\u00e9g\u00e9t kihaszn\u00e1lva t\u00f6rtek fel \u00e9s fert\u0151ztek meg t\u00f6bb ezer weboldalt - MediaPlatz","robots":{"index":"index","follow":"follow","max-snippet":"max-snippet:-1","max-image-preview":"max-image-preview:large","max-video-preview":"max-video-preview:-1"},"canonical":"https:\/\/mediaplatz.com\/hu\/wordpress-gdpr-plugin-serulekenyseget-kihasznalva-tortek-fel-es-fertoztek-meg-tobb-ezer-weboldalt\/","og_locale":"hu_HU","og_type":"article","og_title":"WordPress GDPR plugin s\u00e9r\u00fcl\u00e9kenys\u00e9g\u00e9t kihaszn\u00e1lva t\u00f6rtek fel \u00e9s fert\u0151ztek meg t\u00f6bb ezer weboldalt - MediaPlatz","og_description":"Az ut\u00f3bbi napokban sz\u00e1mos WordPress honlap tulajdonos tapasztalta, hogy weboldala nem t\u00f6lt be rendesen. Ez a bosszant\u00f3 probl\u00e9ma egy igen n\u00e9pszer\u0171 b\u0151v\u00edtm\u00e9nynek, a WP GDPR Compliance pluginnak k\u00f6sz\u00f6nhet\u0151: a b\u0151v\u00edtm\u00e9ny olyan s\u00e9r\u00fcl\u00e9kenys\u00e9ggel rendelkezik, amelyet kihaszn\u00e1lva k\u00f6nnyed\u00e9n felt\u00f6rhetik az adott WordPress weboldalt. M\u00e1jus 25-\u00e9vel hat\u00e1lyba l\u00e9pett az \u00faj \u00c1ltal\u00e1nos Adatv\u00e9delmi Rendelet (GDPR), aminek k\u00f6sz\u00f6nhet\u0151en a\u00a0WP GDPR ... Olvass tov\u00e1bb","og_url":"https:\/\/mediaplatz.com\/hu\/wordpress-gdpr-plugin-serulekenyseget-kihasznalva-tortek-fel-es-fertoztek-meg-tobb-ezer-weboldalt\/","og_site_name":"MediaPlatz","article_published_time":"2018-11-12T19:22:44+00:00","article_modified_time":"2019-06-17T12:40:27+00:00","author":"Mosonyi G\u00e1bor","twitter_card":"summary_large_image","twitter_misc":{"Szerz\u0151:":"Mosonyi G\u00e1bor","Becs\u00fclt olvas\u00e1si id\u0151":"6 perc"},"schema":{"@context":"https:\/\/schema.org","@graph":[{"@type":"Article","@id":"https:\/\/mediaplatz.com\/hu\/wordpress-gdpr-plugin-serulekenyseget-kihasznalva-tortek-fel-es-fertoztek-meg-tobb-ezer-weboldalt\/#article","isPartOf":{"@id":"https:\/\/mediaplatz.com\/hu\/wordpress-gdpr-plugin-serulekenyseget-kihasznalva-tortek-fel-es-fertoztek-meg-tobb-ezer-weboldalt\/"},"author":{"name":"Mosonyi G\u00e1bor","@id":"https:\/\/mediaplatz.com\/#\/schema\/person\/3c0ab4f2e7b86e78659ef45920fd35ee"},"headline":"WordPress GDPR plugin s\u00e9r\u00fcl\u00e9kenys\u00e9g\u00e9t kihaszn\u00e1lva t\u00f6rtek fel \u00e9s fert\u0151ztek meg t\u00f6bb ezer weboldalt","datePublished":"2018-11-12T19:22:44+00:00","dateModified":"2019-06-17T12:40:27+00:00","mainEntityOfPage":{"@id":"https:\/\/mediaplatz.com\/hu\/wordpress-gdpr-plugin-serulekenyseget-kihasznalva-tortek-fel-es-fertoztek-meg-tobb-ezer-weboldalt\/"},"wordCount":1117,"commentCount":0,"publisher":{"@id":"https:\/\/mediaplatz.com\/#organization"},"image":{"@id":"https:\/\/mediaplatz.com\/hu\/wordpress-gdpr-plugin-serulekenyseget-kihasznalva-tortek-fel-es-fertoztek-meg-tobb-ezer-weboldalt\/#primaryimage"},"thumbnailUrl":"https:\/\/mediaplatz.com\/wp-content\/uploads\/2019\/05\/blog-04.svg","articleSection":["WordPress"],"inLanguage":"hu","potentialAction":[{"@type":"CommentAction","name":"Comment","target":["https:\/\/mediaplatz.com\/hu\/wordpress-gdpr-plugin-serulekenyseget-kihasznalva-tortek-fel-es-fertoztek-meg-tobb-ezer-weboldalt\/#respond"]}]},{"@type":"WebPage","@id":"https:\/\/mediaplatz.com\/hu\/wordpress-gdpr-plugin-serulekenyseget-kihasznalva-tortek-fel-es-fertoztek-meg-tobb-ezer-weboldalt\/","url":"https:\/\/mediaplatz.com\/hu\/wordpress-gdpr-plugin-serulekenyseget-kihasznalva-tortek-fel-es-fertoztek-meg-tobb-ezer-weboldalt\/","name":"WordPress GDPR plugin s\u00e9r\u00fcl\u00e9kenys\u00e9g\u00e9t kihaszn\u00e1lva t\u00f6rtek fel \u00e9s fert\u0151ztek meg t\u00f6bb ezer weboldalt - MediaPlatz","isPartOf":{"@id":"https:\/\/mediaplatz.com\/#website"},"primaryImageOfPage":{"@id":"https:\/\/mediaplatz.com\/hu\/wordpress-gdpr-plugin-serulekenyseget-kihasznalva-tortek-fel-es-fertoztek-meg-tobb-ezer-weboldalt\/#primaryimage"},"image":{"@id":"https:\/\/mediaplatz.com\/hu\/wordpress-gdpr-plugin-serulekenyseget-kihasznalva-tortek-fel-es-fertoztek-meg-tobb-ezer-weboldalt\/#primaryimage"},"thumbnailUrl":"https:\/\/mediaplatz.com\/wp-content\/uploads\/2019\/05\/blog-04.svg","datePublished":"2018-11-12T19:22:44+00:00","dateModified":"2019-06-17T12:40:27+00:00","breadcrumb":{"@id":"https:\/\/mediaplatz.com\/hu\/wordpress-gdpr-plugin-serulekenyseget-kihasznalva-tortek-fel-es-fertoztek-meg-tobb-ezer-weboldalt\/#breadcrumb"},"inLanguage":"hu","potentialAction":[{"@type":"ReadAction","target":["https:\/\/mediaplatz.com\/hu\/wordpress-gdpr-plugin-serulekenyseget-kihasznalva-tortek-fel-es-fertoztek-meg-tobb-ezer-weboldalt\/"]}]},{"@type":"ImageObject","inLanguage":"hu","@id":"https:\/\/mediaplatz.com\/hu\/wordpress-gdpr-plugin-serulekenyseget-kihasznalva-tortek-fel-es-fertoztek-meg-tobb-ezer-weboldalt\/#primaryimage","url":"https:\/\/mediaplatz.com\/wp-content\/uploads\/2019\/05\/blog-04.svg","contentUrl":"https:\/\/mediaplatz.com\/wp-content\/uploads\/2019\/05\/blog-04.svg"},{"@type":"BreadcrumbList","@id":"https:\/\/mediaplatz.com\/hu\/wordpress-gdpr-plugin-serulekenyseget-kihasznalva-tortek-fel-es-fertoztek-meg-tobb-ezer-weboldalt\/#breadcrumb","itemListElement":[{"@type":"ListItem","position":1,"name":"Home","item":"https:\/\/mediaplatz.com\/hu\/"},{"@type":"ListItem","position":2,"name":"WordPress GDPR plugin s\u00e9r\u00fcl\u00e9kenys\u00e9g\u00e9t kihaszn\u00e1lva t\u00f6rtek fel \u00e9s fert\u0151ztek meg t\u00f6bb ezer weboldalt"}]},{"@type":"WebSite","@id":"https:\/\/mediaplatz.com\/#website","url":"https:\/\/mediaplatz.com\/","name":"MediaPlatz","description":"Stresszmentes WordPress t\u00e1rhely \u00e9s karbantart\u00e1s","publisher":{"@id":"https:\/\/mediaplatz.com\/#organization"},"potentialAction":[{"@type":"SearchAction","target":{"@type":"EntryPoint","urlTemplate":"https:\/\/mediaplatz.com\/?s={search_term_string}"},"query-input":"required name=search_term_string"}],"inLanguage":"hu"},{"@type":"Organization","@id":"https:\/\/mediaplatz.com\/#organization","name":"MediaPlatz","url":"https:\/\/mediaplatz.com\/","logo":{"@type":"ImageObject","inLanguage":"hu","@id":"https:\/\/mediaplatz.com\/#\/schema\/logo\/image\/","url":"https:\/\/mediaplatz.com\/wp-content\/uploads\/2020\/05\/MP_logo_inverse.png","contentUrl":"https:\/\/mediaplatz.com\/wp-content\/uploads\/2020\/05\/MP_logo_inverse.png","width":221,"height":16,"caption":"MediaPlatz"},"image":{"@id":"https:\/\/mediaplatz.com\/#\/schema\/logo\/image\/"}},{"@type":"Person","@id":"https:\/\/mediaplatz.com\/#\/schema\/person\/3c0ab4f2e7b86e78659ef45920fd35ee","name":"Mosonyi G\u00e1bor","image":{"@type":"ImageObject","inLanguage":"hu","@id":"https:\/\/mediaplatz.com\/#\/schema\/person\/image\/","url":"https:\/\/secure.gravatar.com\/avatar\/deaaa025cb389843fcf14f8f978cc3f7?s=96&d=mm&r=g","contentUrl":"https:\/\/secure.gravatar.com\/avatar\/deaaa025cb389843fcf14f8f978cc3f7?s=96&d=mm&r=g","caption":"Mosonyi G\u00e1bor"},"url":"https:\/\/mediaplatz.com\/hu\/author\/gabor\/"}]}},"_links":{"self":[{"href":"https:\/\/mediaplatz.com\/hu\/wp-json\/wp\/v2\/posts\/370"}],"collection":[{"href":"https:\/\/mediaplatz.com\/hu\/wp-json\/wp\/v2\/posts"}],"about":[{"href":"https:\/\/mediaplatz.com\/hu\/wp-json\/wp\/v2\/types\/post"}],"author":[{"embeddable":true,"href":"https:\/\/mediaplatz.com\/hu\/wp-json\/wp\/v2\/users\/2"}],"replies":[{"embeddable":true,"href":"https:\/\/mediaplatz.com\/hu\/wp-json\/wp\/v2\/comments?post=370"}],"version-history":[{"count":0,"href":"https:\/\/mediaplatz.com\/hu\/wp-json\/wp\/v2\/posts\/370\/revisions"}],"wp:featuredmedia":[{"embeddable":true,"href":"https:\/\/mediaplatz.com\/hu\/wp-json\/wp\/v2\/media\/371"}],"wp:attachment":[{"href":"https:\/\/mediaplatz.com\/hu\/wp-json\/wp\/v2\/media?parent=370"}],"wp:term":[{"taxonomy":"category","embeddable":true,"href":"https:\/\/mediaplatz.com\/hu\/wp-json\/wp\/v2\/categories?post=370"},{"taxonomy":"post_tag","embeddable":true,"href":"https:\/\/mediaplatz.com\/hu\/wp-json\/wp\/v2\/tags?post=370"}],"curies":[{"name":"wp","href":"https:\/\/api.w.org\/{rel}","templated":true}]}}