{"id":387,"date":"2018-10-30T19:27:46","date_gmt":"2018-10-30T19:27:46","guid":{"rendered":"https:\/\/mediaplatz.com\/?p=387"},"modified":"2019-06-17T12:38:10","modified_gmt":"2019-06-17T12:38:10","slug":"online-vallalkozasod-legfontosabb-social-media-mutatoi","status":"publish","type":"post","link":"https:\/\/mediaplatz.com\/hu\/online-vallalkozasod-legfontosabb-social-media-mutatoi\/","title":{"rendered":"Online v\u00e1llalkoz\u00e1sod legfontosabb social media mutat\u00f3i"},"content":{"rendered":"<h2>Mely KPI-k \u00e1rulkodnak kamp\u00e1nyaid sikeres szerepl\u00e9s\u00e9r\u0151l?<\/h2>\n<p>&nbsp;<\/p>\n<p>Manaps\u00e1g k\u00f6telez\u0151 a k\u00f6z\u00f6ss\u00e9gi m\u00e9diumokon val\u00f3 aktivit\u00e1s v\u00e1llalkoz\u00e1sk\u00e9nt. A sz\u00e1mok maguk\u00e9rt besz\u00e9lnek, hiszen<\/p>\n<ul>\n<li>2018 janu\u00e1ri adatok szerint\u00a0<a href=\"https:\/\/wearesocial.com\/blog\/2018\/01\/global-digital-report-2018\">4 milli\u00e1rd<\/a>\u00a0ember haszn\u00e1lja az internetet,<\/li>\n<li>Ezekb\u0151l\u00a0<a href=\"https:\/\/wearesocial.com\/blog\/2018\/01\/global-digital-report-2018\">3 milli\u00e1rd<\/a>\u00a0mondhat\u00f3 akt\u00edv social media usernek,<\/li>\n<li>2017 november\u00e9re m\u00e1r\u00a0<a href=\"https:\/\/de.statista.com\/themen\/2506\/instagram\/\">25 milli\u00f3<\/a>\u00a0v\u00e1llalati profilt dat\u00e1lt az Instagram \u00e9s napi\u00a0<a href=\"https:\/\/de.statista.com\/themen\/2506\/instagram\/\">300 milli\u00f3<\/a>\u00a0Insta Story-t.<\/li>\n<\/ul>\n<p>Korunk k\u00f6z\u00f6ss\u00e9gi m\u00e9dia felhaszn\u00e1l\u00f3i k\u00f6zelebbi kapcsolatba akarnak ker\u00fclni kedvenc m\u00e1rk\u00e1ikkal, azonosulni \u00e9rt\u00e9keikkel \u00e9s v\u00edzi\u00f3ikkal. Ehhez fontos, hogy c\u00e9gk\u00e9nt hat\u00e9konyan kommunik\u00e1ljunk c\u00e9lcsoportunk fel\u00e9, de mib\u0151l \u00e1llap\u00edtjuk meg, hogy j\u00f3 ir\u00e1nyba haladunk-e?<\/p>\n<p>Konkr\u00e9t adatok \u00e9s mutat\u00f3k n\u00e9lk\u00fcl k\u00f6zel lehetetlens\u00e9g meg\u00e1llap\u00edtani, hogy j\u00f3 v\u00e1llalati d\u00f6nt\u00e9seket hoztunk-e. Ha tudatosan kiv\u00e1lasztott mutat\u00f3kra (Key Performance Indicators) \u00e9p\u00edtj\u00fck social media strat\u00e9gi\u00e1nkat \u00e9s ezeket folyamatosan m\u00e9rj\u00fck, optimaliz\u00e1ljuk, j\u00f3 ir\u00e1nyba haladunk.<\/p>\n<p>Persze a likeok sz\u00e1ma nem igaz\u00e1n vallhat\u00f3 hat\u00e9kony social media KPI-nak. Enn\u00e9l sokkal m\u00e9lyebbre kell \u00e1snunk \u00e9s meg kell hat\u00e1roznunk, hogy mely adatok sz\u00e1m\u00edtanak igaz\u00e1n c\u00e9lkit\u0171z\u00e9seink tekintet\u00e9ben.<\/p>\n<p>Melyek v\u00e1llalkoz\u00e1sod legfontosabb social media mutat\u00f3i (KPIs)?<\/p>\n<p>Social media mutat\u00f3k seg\u00edts\u00e9g\u00e9vel meg\u00e1llap\u00edthatod, hogy mennyire sikeresek a kamp\u00e1nyaid \u00e9s hat\u00e9konyan szerepelsz-e az online vil\u00e1gban. A tov\u00e1bbiakban ezek a sz\u00e1mok alapozz\u00e1k meg \u00fczleti d\u00f6nt\u00e9seidet.<\/p>\n<p>Sz\u00e1mtalan social media mutat\u00f3 l\u00e9tezik, a legfontosabbak viszont arr\u00f3l \u00e1rulkodnak, hogy:<\/p>\n<ul>\n<li>Az emberek l\u00e1tj\u00e1k-e c\u00e9gedet vagy hallanak-e r\u00f3la (Reach = El\u00e9r\u00e9s)<\/li>\n<li>L\u00e1togat\u00f3id elk\u00f6telezettek-e v\u00e1llalkoz\u00e1sod ir\u00e1nt (Engagement = Elk\u00f6telezetts\u00e9g)<\/li>\n<li>Az online szerepl\u00e9sednek milyen a konverzi\u00f3s ar\u00e1nya (Conversion = Konverzi\u00f3)<\/li>\n<li>Milyen hat\u00e1ssal vagy k\u00f6vet\u0151idre (Customer Loyalty = \u00dcgyf\u00e9l lojalit\u00e1s)<\/li>\n<\/ul>\n<p>Vess\u00fcnk teh\u00e1t egy pillant\u00e1st ezekre a KPI-okra:<\/p>\n<p>&nbsp;<\/p>\n<h3><strong>Social Media mutat\u00f3k El\u00e9r\u00e9sre (Reach)<\/strong><\/h3>\n<p>Miel\u0151tt \u00fcgyf\u00e9lszerz\u00e9sr\u0151l \u00e9s profitr\u00f3l \u00e1lmodozn\u00e1nk, biztosra kell menn\u00fcnk, hogy l\u00e1that\u00f3ak vagyunk c\u00e9lcsoportunk sz\u00e1m\u00e1ra. A reach sz\u00e1mok k\u00e9pet adnak arr\u00f3l, hogy milyen messzire utazott \u00fczeneted, mennyien l\u00e1tt\u00e1k \u00e9s pontosan kik l\u00e1tt\u00e1k. Tov\u00e1bb\u00e1 megtudhatod, hogy a k\u00f6z\u00f6ns\u00e9ged milyen hat\u00e1sfokkal n\u00f6vekedik. Az al\u00e1bbi mutat\u00f3kra \u00e9rdemes \u00fcgyelned:<\/p>\n<p>&nbsp;<\/p>\n<h4><strong>1. K\u00f6vet\u0151k sz\u00e1ma (Follower)<\/strong><\/h4>\n<p>Ha megtekinted k\u00f6vet\u0151id sz\u00e1m\u00e1t, alapvet\u0151 inf\u00f3t kaphatsz arr\u00f3l, h\u00e1ny embert \u00e9rt\u00e9l el eddig v\u00e1llalkoz\u00e1soddal. De ne feledd: ez csak egy egyszer\u0171 indik\u00e1tor, hiszen sokat nem \u00e9r online sikered szempontj\u00e1b\u00f3l egy olyan rajong\u00f3t\u00e1bor, amelyik nem elk\u00f6telezett \u00e9s nem mutat kell\u0151 \u00e9rdekl\u0151d\u00e9st v\u00e1llalkoz\u00e1sod ir\u00e1nt.<\/p>\n<p>&nbsp;<\/p>\n<h4><strong>2. Megjelen\u00e9sek sz\u00e1ma (Impressions)<\/strong><\/h4>\n<p>Ez a mutat\u00f3 viszonylag nehezen felm\u00e9rhet\u0151. Azt jelzi, hogy h\u00e1nyszor jelent meg az adott tartalmad m\u00e1sok id\u0151vonal\u00e1n vagy h\u00edrfolyam\u00e1n. Egy l\u00e1togat\u00f3nak ak\u00e1r t\u00f6bbsz\u00f6r is megjelenhet a posztod: tal\u00e1lkozhat vele saj\u00e1t illetve m\u00e1s ismer\u0151s\u00e9nek oldal\u00e1n is, aki megosztotta az adott tartalmat. Ez a mutat\u00f3 egy k\u00f6r\u00fclbel\u00fcli k\u00e9pet ad arr\u00f3l, h\u00e1ny user tudna kapcsolatba ker\u00fclni v\u00e1llalkoz\u00e1soddal. Min\u00e9l nagyobb az \u00e9rt\u00e9k, ann\u00e1l jobb.<\/p>\n<p>&nbsp;<\/p>\n<h4><strong>3. Honlap forgalom (Web traffic)<\/strong><\/h4>\n<p>Kritikus adat a social media kamp\u00e1nyokb\u00f3l sz\u00e1rmaz\u00f3 weboldal l\u00e1togat\u00f3id ar\u00e1nya. Ez az els\u0151 nagy l\u00e9p\u00e9se annak, hogy vev\u0151ket gener\u00e1lj l\u00e1togat\u00f3idb\u00f3l, hiszen \u00e9rdekl\u0151d\u00e9st mutatnak v\u00e1llalkoz\u00e1sod ir\u00e1nt. Ha p\u00e9ld\u00e1ul Facebook kamp\u00e1nyod j\u00f3 el\u00e9r\u00e9si \u00e9s elk\u00f6telezetts\u00e9gi mutat\u00f3kkal b\u00edr, de a honlap forgalmad nem n\u0151, akkor \u00e9rdemes megvizsg\u00e1lnod a call-to-action gombot \u00e9s valamit vari\u00e1lni rajta.<\/p>\n<p>&nbsp;<\/p>\n<h4><strong>4. Rekl\u00e1ms\u00faly (Share of Voice \u2013 SOV)<\/strong><\/h4>\n<p>Min\u00e9l ismertebb\u00e9 v\u00e1lik a v\u00e1llalkoz\u00e1sod, ann\u00e1l ink\u00e1bb fog sz\u00f3ba ker\u00fclni social media a k\u00f6vet\u0151id k\u00f6z\u00f6tt. Egyre ink\u00e1bb besz\u00e9lni fognak R\u00f3lad \u00e9s a SOV azt jelzi, hogy mekkora ny\u00fczsg\u00e9s van branded k\u00f6r\u00fcl a versenyt\u00e1rsaidhoz k\u00e9pest, valamint, hogy k\u00e9pes vagy-e jobban inspir\u00e1lni a k\u00f6z\u00f6ss\u00e9get a konkurenci\u00e1n\u00e1l. Ha jav\u00edtani szeretn\u00e9l ezen az \u00e9rt\u00e9ken, \u00e9rdemes olyan kamp\u00e1nyokat vagy posztokat ind\u00edtanod, amelyek aktivit\u00e1sra motiv\u00e1lj\u00e1k olvas\u00f3idat: szavaztasd \u0151ket, k\u00e9rd ki v\u00e9lem\u00e9ny\u00fcket, \u00f6szt\u00f6n\u00f6zd \u0151ket kommentekre, tagekre.<\/p>\n<p>&nbsp;<\/p>\n<p>&nbsp;<\/p>\n<h3><strong>Social Media mutat\u00f3k Elk\u00f6telezetts\u00e9gre (Engagement)<\/strong><\/h3>\n<p>Ezek a mutat\u00f3k a kamp\u00e1nyaidban rejl\u0151 potenci\u00e1lt t\u00e1rj\u00e1k el\u00e9d. Ett\u0151l f\u00fcggetlen\u00fcl nem adnak megfelel\u0151 k\u00e9pet k\u00f6vet\u0151id \u201emin\u0151s\u00e9g\u00e9r\u0151l\u201d, hiszen att\u00f3l, hogy 10.000 likeot kapsz egy bejegyz\u00e9sre, megeshet, hogy senki sem fizet term\u00e9ked\u00e9rt vagy szolg\u00e1ltat\u00e1sod\u00e9rt.<\/p>\n<p>Ett\u0151l f\u00fcggetlen\u00fcl az elk\u00f6telezetts\u00e9g az egyik legjobban m\u00e9rhet\u0151 faktora v\u00e1llalkoz\u00e1sodnak.<\/p>\n<p>&nbsp;<\/p>\n<h4><strong>1. Kattint\u00e1sok (Clicks)<\/strong><\/h4>\n<p>A kattint\u00e1sok sz\u00e1ma az egyik legegyszer\u0171bb elk\u00f6telezetts\u00e9gi mutat\u00f3. Azon l\u00e1togat\u00f3k, akik r\u00e1kattintanak weboldalad vagy blogod linkj\u00e9re, \u00e1ltal\u00e1ban nagyobb val\u00f3sz\u00edn\u0171s\u00e9ggel v\u00e1lnak vev\u0151kk\u00e9: az alap honlap forgalom helyett m\u00e1r min\u0151s\u00e9gibb leadeket gener\u00e1lt\u00e1l ez\u00e1ltal.<\/p>\n<p>Fontos, hogy a kattint\u00e1sok ar\u00e1ny\u00e1t m\u00e1s mutat\u00f3kkal egy\u00fctt m\u00e9rlegeld: ha a kattint\u00e1sok ar\u00e1nya magas, de a visszafordul\u00e1si ar\u00e1ny (= bounce rate) is, akkor val\u00f3sz\u00edn\u0171leg nem kell\u0151en vonz\u00f3 a landing page l\u00e1togat\u00f3id sz\u00e1m\u00e1ra. Hasonl\u00f3k\u00e9ppen, ha sok a kattint\u00e1s, de kev\u00e9s a megoszt\u00e1s, akkor nem igaz\u00e1n tetszik az embereknek az, amit l\u00e1tnak c\u00e9gedb\u0151l.<\/p>\n<p>&nbsp;<\/p>\n<h4><strong>2. Kedvel\u00e9sek (Likes)<\/strong><\/h4>\n<p>A likeok sz\u00e1ma nagyban felh\u00edvhatja m\u00e1sok figyelm\u00e9t v\u00e1llalkoz\u00e1sodra. Alapvet\u0151 emberi tulajdons\u00e1g, hogy k\u00f6nnyebben azonosulunk popul\u00e1ris, k\u00f6zkedvelt dolgokkal. Min\u00e9l t\u00f6bb a like megy egy bejegyz\u00e9sre, ann\u00e1l magasabb elk\u00f6telezetts\u00e9get fog eredm\u00e9nyezni. Ha felt\u0171n\u0151en sok a like egy poszton, \u00e9rdemes elemezned az adott bejegyz\u00e9st, hiszen fokozott figyelmet kap k\u00f6vet\u0151idt\u0151l.<\/p>\n<p>&nbsp;<\/p>\n<h4><strong>3. Megoszt\u00e1sok (Shares)<\/strong><\/h4>\n<p>Annak ellen\u00e9re, hogy pozit\u00edv indik\u00e1tor a likeok sz\u00e1ma, nem ad k\u00e9pet a m\u00e1rkah\u0171s\u00e9gr\u0151l. Mindannyian likeoltunk m\u00e1r \u00fagy bejegyz\u00e9st, hogy el sem olvastuk igaz\u00e1n \u00e9s nem is j\u00e1rtunk ut\u00e1na az adott c\u00e9gnek vagy forr\u00e1snak. Ha a m\u00e1rkah\u0171s\u00e9get szeretn\u00e9d m\u00e9rni, akkor n\u00e9zz ut\u00e1na a megoszt\u00e1soknak. A megoszt\u00e1s egy olyan indik\u00e1tor, ami azt jelzi, hogy az adott k\u00f6vet\u0151 k\u00e9szs\u00e9ggel aj\u00e1nlja tov\u00e1bb v\u00e1llalkoz\u00e1sodat ismer\u0151seinek. R\u00e1ad\u00e1sul manaps\u00e1g komoly szerepe van a social proof-nak, \u00edgy ez el\u00e9g nagy sz\u00f3nak sz\u00e1m\u00edt.<\/p>\n<p>&nbsp;<\/p>\n<h4><strong>4. Kommentek (Comments)<\/strong><\/h4>\n<p>V\u00e1llalkoz\u00e1sod hat\u00e9kony social media szerepl\u00e9s\u00e9hez elengedhetetlen, hogy interakci\u00f3kba (besz\u00e9lget\u00e9sekbe) vond k\u00f6vet\u0151idet. Ha \u00e9rdekes, sz\u00f3rakoztat\u00f3, illetve relev\u00e1ns tartalmakat osztasz meg, olvas\u00f3id reag\u00e1lni fognak r\u00e1, besz\u00e9lni fognak r\u00f3la. Emellett n\u00f6veli k\u00f6vet\u0151id lojalit\u00e1s\u00e1t. M\u00e9g ha kritik\u00e1t is nyilv\u00e1n\u00edtanak egyes hozz\u00e1sz\u00f3l\u00f3k: legal\u00e1bb le tudsz sz\u0171rni fontos k\u00f6vetkeztet\u00e9seket \u00e9s tanulsz valamit bel\u0151le.<\/p>\n<p>&nbsp;<\/p>\n<h4><strong>5. Megeml\u00edt\u00e9sek (Mentions)<\/strong><\/h4>\n<p>Megk\u00f6zel\u00edt\u0151leg\u00a0<a href=\"https:\/\/www.brandwatch.com\/blog\/96-amazing-social-media-statistics-and-facts\/\">96%-a azon usereknek<\/a>, akik c\u00e9geket \u00e9s m\u00e1rk\u00e1kat eml\u00edtenek meg social media oldalakon, nem is k\u00f6vet\u0151i az adott businessnek. Magyar\u00e1n: az emberek besz\u00e9lnek R\u00f3lad akkor is, ha \u00e9ppen nem vagy jelen. M\u00e9g ha nem is \u00e1llsz k\u00f6zvetlen kapcsolatban ezen felhaszn\u00e1l\u00f3kkal, amit v\u00e1llalkoz\u00e1sodr\u00f3l \u00edrnak, mindenk\u00e9ppen sz\u00e1mottev\u0151. Ez a mutat\u00f3 el\u00e1rulja, hogy mennyire vagy jelen a social media felhaszn\u00e1l\u00f3k fej\u00e9ben, hogy ismert \u00e9s \u00e9rdekes-e v\u00e1llalkoz\u00e1sod sz\u00e1mukra.<\/p>\n<p>&nbsp;<\/p>\n<h3><strong>Social Media mutat\u00f3k Konverzi\u00f3ra (Conversion)<\/strong><\/h3>\n<p>Sz\u00e1mos v\u00e1llalkoz\u00e1s konverzi\u00f3s mutat\u00f3k alapj\u00e1n m\u00e9ri az adott kamp\u00e1nyok siker\u00e9t. Amint profilod elkezdi felkelteni l\u00e1togat\u00f3k figyelm\u00e9t \u00e9s aktivit\u00e1s\u00e1t, a likeok, megoszt\u00e1sok \u00e9s megeml\u00edt\u00e9sek mellett tudnod kell, hogy val\u00f3j\u00e1ban milyen v\u00e9geredm\u00e9nyt hoztak er\u0151fesz\u00edt\u00e9seid.<\/p>\n<p>Itt j\u00f6n k\u00e9pbe az, hogy a k\u00f6vet\u0151id k\u00f6z\u00fcl mennyien hajland\u00f3ak k\u00f6lteni szolg\u00e1ltat\u00e1sodra vagy term\u00e9kedre, hiszen mit \u00e9r egy hatalmas rajong\u00f3i t\u00e1bor, ha senki sem akar v\u00e1s\u00e1rolni T\u0151led?<\/p>\n<p>&nbsp;<\/p>\n<h4><strong>1. \u00c9rt\u00e9kes\u00edt\u00e9si \u00e1rbev\u00e9tel (Sales Revenue)<\/strong><\/h4>\n<p>Nagy val\u00f3sz\u00edn\u0171s\u00e9ggel kamp\u00e1nyod tervez\u00e9sekor fontos szempont volt az elad\u00e1sok n\u00f6vel\u00e9se. Minden hirdet\u00e9s \u00e9s kamp\u00e1ny v\u00e9geredm\u00e9nyben az \u00e1rbev\u00e9tel maximaliz\u00e1l\u00e1s\u00e1t veszi c\u00e9lba, ez\u00e9rt fontos tudnod, hogy egyes social media projektek milyen bev\u00e9teleket hoztak v\u00e1llalkoz\u00e1sodnak. Hat\u00e1rozd meg, hogy h\u00e1ny konverzi\u00f3 sz\u00e1rmazik egyenesen social media oldalakr\u00f3l \u00e9s alkoss k\u00e9pet arr\u00f3l, hogy \u00e1ltal\u00e1noss\u00e1gban melyik vev\u0151 milyen kos\u00e1r\u00e9rt\u00e9kkel b\u00edr.<\/p>\n<p>&nbsp;<\/p>\n<h4><strong>2. Lead konverzi\u00f3s ar\u00e1ny (Lead Conversion Rate)<\/strong><\/h4>\n<p>Ez a mutat\u00f3 arra utal, hogy ar\u00e1nyban mennyi leadb\u0151l lesz v\u00e9g\u00fcl v\u00e1s\u00e1rl\u00f3. Social media profilok seg\u00edts\u00e9g\u00e9vel k\u00f6nnyebben tudsz social proof-ot gener\u00e1lni, ami mer\u0151ben n\u00f6veli az emberek bizalm\u00e1t v\u00e1llalkoz\u00e1sodban \u00e9s seg\u00edt leadekb\u0151l v\u00e1s\u00e1rl\u00f3t var\u00e1zsolni. Google Analytics profilodon kereszt\u00fcl k\u00f6nnyen ut\u00e1na tudsz j\u00e1rni ennek a mutat\u00f3nak.<\/p>\n<p>&nbsp;<\/p>\n<h4><strong>3. Non-Revenue Conversions<\/strong><\/h4>\n<p>Sajnos nem minden konverzi\u00f3 \u00e9r aranyat, olykor jelenthet egy egyszer\u0171 h\u00edrlev\u00e9lre val\u00f3 feliratkoz\u00e1st is. Ennek tekintet\u00e9ben egy kamp\u00e1ny konverzi\u00f3i tartalmazhatj\u00e1k az esetleges e-book let\u00f6lt\u00e9seket vagy \u0171rlap elk\u00fcld\u00e9seket. A Te feladatod meghat\u00e1rozni, hogy kamp\u00e1nyonk\u00e9nt pontosan milyen c\u00e9ljaid vannak \u00e9s mi sz\u00e1m\u00edt sikeresnek. Ennek fej\u00e9ben \u00e9rdemes minden kamp\u00e1nyt gondosan megtervezned, nem utols\u00f3 sorban azt, hogy mi a f\u0151 c\u00e9l \u00e9s mik a f\u0151 mutat\u00f3k.<\/p>\n<p>&nbsp;<\/p>\n<h3><strong>Social Media mutat\u00f3k V\u00e1s\u00e1rl\u00f3i h\u0171s\u00e9gre (Customer Loyalty)<\/strong><\/h3>\n<p>V\u00e1llalkoz\u00f3k\u00e9nt persze, hogy bev\u00e9teleidet szeretn\u00e9d n\u00f6velni, de a piramis cs\u00facsa nem m\u00e1s, mint hossz\u00fa t\u00e1von loj\u00e1lis \u00e9s visszat\u00e9r\u0151 vev\u0151ket szerezni, akiknek kos\u00e1r\u00e9rt\u00e9ke id\u0151vel egyre ink\u00e1bb n\u0151. Ahhoz, hogy igaz\u00e1n el tudj rugaszkodni versenyt\u00e1rsaidt\u00f3l, adnod kell valami plusz \u00e9rt\u00e9ket vev\u0151idnek, ami miatt visszat\u00e9rnek majd hozz\u00e1d \u00fajra \u00e9s \u00fajra.<\/p>\n<p>A k\u00f6z\u00f6ss\u00e9gi oldalakon kereszt\u00fcl nagyon hat\u00e1sosan fel tudod \u00e9p\u00edteni a m\u00e1rk\u00e1d ir\u00e1nti h\u0171s\u00e9get, de fontos, hogy marketingedet, tartalmaidat \u00e9s kamp\u00e1nyaidat tudatosan megtervezd: tudnod kell, hogy hogyan kommunik\u00e1lj c\u00e9lcsoportoddal \u00e9s mire van sz\u00fcks\u00e9ge.<\/p>\n<p>Ha pontosan tudod \u00e9rtelmezni a k\u00fcl\u00f6nb\u00f6z\u0151 mutat\u00f3kat, fel fogod ismerni, hogy konkr\u00e9tan milyen hat\u00e1ssal vagy az emberekre, majd ez\u00e1ltal lecs\u00f6kkentheted lead k\u00f6lts\u00e9geidet (cost per lead) \u00e9s felturb\u00f3zhatod v\u00e1s\u00e1rl\u00f3id h\u0171s\u00e9g\u00e9t.<\/p>\n<p>&nbsp;<\/p>\n<h4><strong>1. Cost Per Lead (CPL)<\/strong><\/h4>\n<p>Mivel v\u00e1llalkoz\u00e1sod online marketing sikere mer\u0151ben f\u00fcgg a leadekt\u0151l, tudnod kell, hogy pontosan mennyibe is ker\u00fcl egy lead. A legegyszer\u0171bb m\u00f3dja ennek az, ha megn\u00e9zed pontosan mennyit is k\u00f6lt\u00f6tt\u00e9l kamp\u00e1nyodra \u00e9s \u00f6sszeveted a leadek sz\u00e1m\u00e1val.<\/p>\n<p>A k\u00f6z\u00f6ss\u00e9gi platformok nagy el\u0151nye a PPC (pay per click) \u00e9s AdWords-vel szemben az, hogy k\u00f6zvetlen kapcsolatot \u00e9p\u00edtesz fel k\u00f6vet\u0151iddel, \u00edgy fokozva h\u00edrnevedet \u00e9s a m\u00e1rkah\u0171s\u00e9get. Ennek hat\u00e1s\u00e1ra id\u0151vel a CPL k\u00f6lts\u00e9ged fokozatosan cs\u00f6kkenni fog.<\/p>\n<h4><strong>2. Megoldott probl\u00e9m\u00e1k<\/strong><\/h4>\n<p>Social media fel\u00fcleteken kereszt\u00fcl nem csak kapcsolatba ker\u00fclsz rajong\u00f3iddal, hanem folyamatosan k\u00f6zvet\u00edted v\u00e1llalkoz\u00e1sod \u00e9rt\u00e9keit fel\u00e9j\u00fck.<\/p>\n<p>P\u00e9ld\u00e1ul:\u00a0<a href=\"https:\/\/www.lithium.com\/company\/news-room\/press-releases\/2013\/consumers-will-punish-brands-that-fail-to-respond-on-twitter-quickly\">78%-a azon felhaszn\u00e1l\u00f3knak<\/a>, akik Twitteren panaszkodnak egy m\u00e1rk\u00e1ra, egy \u00f3r\u00e1n bel\u00fcl v\u00e1laszra sz\u00e1m\u00edthatnak. Ha kell\u0151 tiszteletet \u00e9s megbecs\u00fcl\u00e9st tudsz k\u00f6zvet\u00edteni k\u00f6vet\u0151id fel\u00e9 az\u00e1ltal, hogy gyorsan reag\u00e1lsz probl\u00e9m\u00e1ikra \u00e9s felvet\u00e9seikre, mer\u0151ben t\u00f6bbet fogsz ny\u00fajtani a konkurenci\u00e1n\u00e1l. A megb\u00edzhat\u00f3 \u00e9s akt\u00edv vev\u0151szolg\u00e1lat kulcsfontoss\u00e1g\u00fa a m\u00e1rka\u00e9p\u00edt\u00e9shez \u00e9s fejl\u0151d\u00e9shez.<\/p>\n<h4><strong>3. V\u00e1s\u00e1rl\u00f3i \u00e9lettartam (Customer Lifetime Value \u2013 CLV)<\/strong><\/h4>\n<p>Minden v\u00e1llalkoz\u00e1s sz\u00e1m\u00e1ra a min\u00e9l hosszabb v\u00e1s\u00e1rl\u00f3i \u00e9lettartam sz\u00e1m\u00edt az egyik legnagyobb kih\u00edv\u00e1snak. Min\u00e9l jobban k\u00f6t\u0151dnek hozz\u00e1d v\u00e1s\u00e1rl\u00f3id, ann\u00e1l ink\u00e1bb fogj\u00e1k ig\u00e9nyelni term\u00e9kedet vagy szolg\u00e1ltat\u00e1sodat \u00e9s egyre kev\u00e9sb\u00e9 lesznek \u00e1r\u00e9rz\u00e9kenyek.<\/p>\n<p>Social media kamp\u00e1nyaid seg\u00edts\u00e9g\u00e9vel fokozhatod CLV-det, ha r\u00f6vid \u00e9s felsz\u00ednes benyom\u00e1sok helyett val\u00f3di, tudatos kapcsolatot \u00e9p\u00edtesz k\u00f6vet\u0151iddel.<\/p>\n<p>Egy j\u00f3 CLV azt mutatja, hogy \u00e9rt\u00e9kes, hossz\u00fa t\u00e1v\u00fa sikereket hoznak kamp\u00e1nyaid \u00e9s t\u00e9nyleg m\u00e1rk\u00e1t \u00e9p\u00edtesz strat\u00e9gi\u00e1ddal.<\/p>\n<p>Gondoskodj strat\u00e9gi\u00e1d siker\u00e9r\u0151l social media mutat\u00f3kkal<\/p>\n<p>A k\u00f6z\u00f6ss\u00e9gi m\u00e9di\u00e1k adta lehet\u0151s\u00e9gek kamatoztat\u00e1s\u00e1hoz nem el\u00e9g csak egy profilt l\u00e9trehoznod. Tudnod kell hat\u00e9konyan kommunik\u00e1lni c\u00e9lk\u00f6z\u00f6ns\u00e9geddel \u00e9s ezt a hat\u00e9kony kommunik\u00e1ci\u00f3t social media mutat\u00f3kkal tudod folyamatosan m\u00e9rni \u00e9s figyelemmel k\u00f6vetni.<\/p>\n<p>Ezek a sz\u00e1mok alapozz\u00e1k meg j\u00f6v\u0151beni online marketing d\u00f6nt\u00e9seidet \u00e9s tov\u00e1bbi strat\u00e9gi\u00e1idat, kamp\u00e1nyaidat, teh\u00e1t helyezz kell\u0151 f\u00f3kuszt r\u00e1juk v\u00e1llalkoz\u00e1sod siker\u00e9nek \u00e9rdek\u00e9ben.<\/p>\n","protected":false},"excerpt":{"rendered":"<p>Mely KPI-k \u00e1rulkodnak kamp\u00e1nyaid sikeres szerepl\u00e9s\u00e9r\u0151l? &nbsp; Manaps\u00e1g k\u00f6telez\u0151 a k\u00f6z\u00f6ss\u00e9gi m\u00e9diumokon val\u00f3 aktivit\u00e1s v\u00e1llalkoz\u00e1sk\u00e9nt. A sz\u00e1mok maguk\u00e9rt besz\u00e9lnek, hiszen 2018 janu\u00e1ri adatok szerint\u00a04 milli\u00e1rd\u00a0ember haszn\u00e1lja az internetet, Ezekb\u0151l\u00a03 milli\u00e1rd\u00a0mondhat\u00f3 akt\u00edv social media usernek, 2017 november\u00e9re m\u00e1r\u00a025 milli\u00f3\u00a0v\u00e1llalati profilt dat\u00e1lt az Instagram \u00e9s napi\u00a0300 milli\u00f3\u00a0Insta Story-t. Korunk k\u00f6z\u00f6ss\u00e9gi m\u00e9dia felhaszn\u00e1l\u00f3i k\u00f6zelebbi kapcsolatba akarnak ker\u00fclni kedvenc &#8230; <a title=\"Online v\u00e1llalkoz\u00e1sod legfontosabb social media mutat\u00f3i\" class=\"read-more\" href=\"https:\/\/mediaplatz.com\/hu\/online-vallalkozasod-legfontosabb-social-media-mutatoi\/\" aria-label=\"Read more about Online v\u00e1llalkoz\u00e1sod legfontosabb social media mutat\u00f3i\">Olvass tov\u00e1bb<\/a><\/p>\n","protected":false},"author":3,"featured_media":388,"comment_status":"open","ping_status":"open","sticky":false,"template":"","format":"standard","meta":{"_acf_changed":false,"inline_featured_image":false,"footnotes":""},"categories":[20],"tags":[],"class_list":["post-387","post","type-post","status-publish","format-standard","has-post-thumbnail","hentry","category-social-media"],"acf":[],"yoast_head":"<!-- This site is optimized with the Yoast SEO plugin v23.2 - https:\/\/yoast.com\/wordpress\/plugins\/seo\/ -->\n<title>Online v\u00e1llalkoz\u00e1sod legfontosabb social media mutat\u00f3i - MediaPlatz<\/title>\n<meta name=\"robots\" content=\"index, follow, max-snippet:-1, max-image-preview:large, max-video-preview:-1\" \/>\n<link rel=\"canonical\" href=\"https:\/\/mediaplatz.com\/hu\/online-vallalkozasod-legfontosabb-social-media-mutatoi\/\" \/>\n<meta property=\"og:locale\" content=\"hu_HU\" \/>\n<meta property=\"og:type\" content=\"article\" \/>\n<meta property=\"og:title\" content=\"Online v\u00e1llalkoz\u00e1sod legfontosabb social media mutat\u00f3i - MediaPlatz\" \/>\n<meta property=\"og:description\" content=\"Mely KPI-k \u00e1rulkodnak kamp\u00e1nyaid sikeres szerepl\u00e9s\u00e9r\u0151l? &nbsp; Manaps\u00e1g k\u00f6telez\u0151 a k\u00f6z\u00f6ss\u00e9gi m\u00e9diumokon val\u00f3 aktivit\u00e1s v\u00e1llalkoz\u00e1sk\u00e9nt. A sz\u00e1mok maguk\u00e9rt besz\u00e9lnek, hiszen 2018 janu\u00e1ri adatok szerint\u00a04 milli\u00e1rd\u00a0ember haszn\u00e1lja az internetet, Ezekb\u0151l\u00a03 milli\u00e1rd\u00a0mondhat\u00f3 akt\u00edv social media usernek, 2017 november\u00e9re m\u00e1r\u00a025 milli\u00f3\u00a0v\u00e1llalati profilt dat\u00e1lt az Instagram \u00e9s napi\u00a0300 milli\u00f3\u00a0Insta Story-t. Korunk k\u00f6z\u00f6ss\u00e9gi m\u00e9dia felhaszn\u00e1l\u00f3i k\u00f6zelebbi kapcsolatba akarnak ker\u00fclni kedvenc ... Olvass tov\u00e1bb\" \/>\n<meta property=\"og:url\" content=\"https:\/\/mediaplatz.com\/hu\/online-vallalkozasod-legfontosabb-social-media-mutatoi\/\" \/>\n<meta property=\"og:site_name\" content=\"MediaPlatz\" \/>\n<meta property=\"article:published_time\" content=\"2018-10-30T19:27:46+00:00\" \/>\n<meta property=\"article:modified_time\" content=\"2019-06-17T12:38:10+00:00\" \/>\n<meta name=\"author\" content=\"Nadja Runge\" \/>\n<meta name=\"twitter:card\" content=\"summary_large_image\" \/>\n<meta name=\"twitter:label1\" content=\"Szerz\u0151:\" \/>\n\t<meta name=\"twitter:data1\" content=\"Nadja Runge\" \/>\n\t<meta name=\"twitter:label2\" content=\"Becs\u00fclt olvas\u00e1si id\u0151\" \/>\n\t<meta name=\"twitter:data2\" content=\"12 perc\" \/>\n<script type=\"application\/ld+json\" class=\"yoast-schema-graph\">{\"@context\":\"https:\/\/schema.org\",\"@graph\":[{\"@type\":\"Article\",\"@id\":\"https:\/\/mediaplatz.com\/hu\/online-vallalkozasod-legfontosabb-social-media-mutatoi\/#article\",\"isPartOf\":{\"@id\":\"https:\/\/mediaplatz.com\/hu\/online-vallalkozasod-legfontosabb-social-media-mutatoi\/\"},\"author\":{\"name\":\"Nadja Runge\",\"@id\":\"https:\/\/mediaplatz.com\/#\/schema\/person\/da49bc79a21728e7dc962dabe07be566\"},\"headline\":\"Online v\u00e1llalkoz\u00e1sod legfontosabb social media mutat\u00f3i\",\"datePublished\":\"2018-10-30T19:27:46+00:00\",\"dateModified\":\"2019-06-17T12:38:10+00:00\",\"mainEntityOfPage\":{\"@id\":\"https:\/\/mediaplatz.com\/hu\/online-vallalkozasod-legfontosabb-social-media-mutatoi\/\"},\"wordCount\":2390,\"commentCount\":0,\"publisher\":{\"@id\":\"https:\/\/mediaplatz.com\/#organization\"},\"image\":{\"@id\":\"https:\/\/mediaplatz.com\/hu\/online-vallalkozasod-legfontosabb-social-media-mutatoi\/#primaryimage\"},\"thumbnailUrl\":\"https:\/\/mediaplatz.com\/wp-content\/uploads\/2019\/05\/blog-03.svg\",\"articleSection\":[\"Social Media\"],\"inLanguage\":\"hu\",\"potentialAction\":[{\"@type\":\"CommentAction\",\"name\":\"Comment\",\"target\":[\"https:\/\/mediaplatz.com\/hu\/online-vallalkozasod-legfontosabb-social-media-mutatoi\/#respond\"]}]},{\"@type\":\"WebPage\",\"@id\":\"https:\/\/mediaplatz.com\/hu\/online-vallalkozasod-legfontosabb-social-media-mutatoi\/\",\"url\":\"https:\/\/mediaplatz.com\/hu\/online-vallalkozasod-legfontosabb-social-media-mutatoi\/\",\"name\":\"Online v\u00e1llalkoz\u00e1sod legfontosabb social media mutat\u00f3i - MediaPlatz\",\"isPartOf\":{\"@id\":\"https:\/\/mediaplatz.com\/#website\"},\"primaryImageOfPage\":{\"@id\":\"https:\/\/mediaplatz.com\/hu\/online-vallalkozasod-legfontosabb-social-media-mutatoi\/#primaryimage\"},\"image\":{\"@id\":\"https:\/\/mediaplatz.com\/hu\/online-vallalkozasod-legfontosabb-social-media-mutatoi\/#primaryimage\"},\"thumbnailUrl\":\"https:\/\/mediaplatz.com\/wp-content\/uploads\/2019\/05\/blog-03.svg\",\"datePublished\":\"2018-10-30T19:27:46+00:00\",\"dateModified\":\"2019-06-17T12:38:10+00:00\",\"breadcrumb\":{\"@id\":\"https:\/\/mediaplatz.com\/hu\/online-vallalkozasod-legfontosabb-social-media-mutatoi\/#breadcrumb\"},\"inLanguage\":\"hu\",\"potentialAction\":[{\"@type\":\"ReadAction\",\"target\":[\"https:\/\/mediaplatz.com\/hu\/online-vallalkozasod-legfontosabb-social-media-mutatoi\/\"]}]},{\"@type\":\"ImageObject\",\"inLanguage\":\"hu\",\"@id\":\"https:\/\/mediaplatz.com\/hu\/online-vallalkozasod-legfontosabb-social-media-mutatoi\/#primaryimage\",\"url\":\"https:\/\/mediaplatz.com\/wp-content\/uploads\/2019\/05\/blog-03.svg\",\"contentUrl\":\"https:\/\/mediaplatz.com\/wp-content\/uploads\/2019\/05\/blog-03.svg\"},{\"@type\":\"BreadcrumbList\",\"@id\":\"https:\/\/mediaplatz.com\/hu\/online-vallalkozasod-legfontosabb-social-media-mutatoi\/#breadcrumb\",\"itemListElement\":[{\"@type\":\"ListItem\",\"position\":1,\"name\":\"Home\",\"item\":\"https:\/\/mediaplatz.com\/hu\/\"},{\"@type\":\"ListItem\",\"position\":2,\"name\":\"Online v\u00e1llalkoz\u00e1sod legfontosabb social media mutat\u00f3i\"}]},{\"@type\":\"WebSite\",\"@id\":\"https:\/\/mediaplatz.com\/#website\",\"url\":\"https:\/\/mediaplatz.com\/\",\"name\":\"MediaPlatz\",\"description\":\"Stresszmentes WordPress t\u00e1rhely \u00e9s karbantart\u00e1s\",\"publisher\":{\"@id\":\"https:\/\/mediaplatz.com\/#organization\"},\"potentialAction\":[{\"@type\":\"SearchAction\",\"target\":{\"@type\":\"EntryPoint\",\"urlTemplate\":\"https:\/\/mediaplatz.com\/?s={search_term_string}\"},\"query-input\":\"required name=search_term_string\"}],\"inLanguage\":\"hu\"},{\"@type\":\"Organization\",\"@id\":\"https:\/\/mediaplatz.com\/#organization\",\"name\":\"MediaPlatz\",\"url\":\"https:\/\/mediaplatz.com\/\",\"logo\":{\"@type\":\"ImageObject\",\"inLanguage\":\"hu\",\"@id\":\"https:\/\/mediaplatz.com\/#\/schema\/logo\/image\/\",\"url\":\"https:\/\/mediaplatz.com\/wp-content\/uploads\/2020\/05\/MP_logo_inverse.png\",\"contentUrl\":\"https:\/\/mediaplatz.com\/wp-content\/uploads\/2020\/05\/MP_logo_inverse.png\",\"width\":221,\"height\":16,\"caption\":\"MediaPlatz\"},\"image\":{\"@id\":\"https:\/\/mediaplatz.com\/#\/schema\/logo\/image\/\"}},{\"@type\":\"Person\",\"@id\":\"https:\/\/mediaplatz.com\/#\/schema\/person\/da49bc79a21728e7dc962dabe07be566\",\"name\":\"Nadja Runge\",\"image\":{\"@type\":\"ImageObject\",\"inLanguage\":\"hu\",\"@id\":\"https:\/\/mediaplatz.com\/#\/schema\/person\/image\/\",\"url\":\"https:\/\/secure.gravatar.com\/avatar\/8b25b261857e6135e9f6bfdd46f6172f?s=96&d=mm&r=g\",\"contentUrl\":\"https:\/\/secure.gravatar.com\/avatar\/8b25b261857e6135e9f6bfdd46f6172f?s=96&d=mm&r=g\",\"caption\":\"Nadja Runge\"},\"url\":\"https:\/\/mediaplatz.com\/hu\/author\/nadja\/\"}]}<\/script>\n<!-- \/ Yoast SEO plugin. -->","yoast_head_json":{"title":"Online v\u00e1llalkoz\u00e1sod legfontosabb social media mutat\u00f3i - MediaPlatz","robots":{"index":"index","follow":"follow","max-snippet":"max-snippet:-1","max-image-preview":"max-image-preview:large","max-video-preview":"max-video-preview:-1"},"canonical":"https:\/\/mediaplatz.com\/hu\/online-vallalkozasod-legfontosabb-social-media-mutatoi\/","og_locale":"hu_HU","og_type":"article","og_title":"Online v\u00e1llalkoz\u00e1sod legfontosabb social media mutat\u00f3i - MediaPlatz","og_description":"Mely KPI-k \u00e1rulkodnak kamp\u00e1nyaid sikeres szerepl\u00e9s\u00e9r\u0151l? &nbsp; Manaps\u00e1g k\u00f6telez\u0151 a k\u00f6z\u00f6ss\u00e9gi m\u00e9diumokon val\u00f3 aktivit\u00e1s v\u00e1llalkoz\u00e1sk\u00e9nt. A sz\u00e1mok maguk\u00e9rt besz\u00e9lnek, hiszen 2018 janu\u00e1ri adatok szerint\u00a04 milli\u00e1rd\u00a0ember haszn\u00e1lja az internetet, Ezekb\u0151l\u00a03 milli\u00e1rd\u00a0mondhat\u00f3 akt\u00edv social media usernek, 2017 november\u00e9re m\u00e1r\u00a025 milli\u00f3\u00a0v\u00e1llalati profilt dat\u00e1lt az Instagram \u00e9s napi\u00a0300 milli\u00f3\u00a0Insta Story-t. Korunk k\u00f6z\u00f6ss\u00e9gi m\u00e9dia felhaszn\u00e1l\u00f3i k\u00f6zelebbi kapcsolatba akarnak ker\u00fclni kedvenc ... Olvass tov\u00e1bb","og_url":"https:\/\/mediaplatz.com\/hu\/online-vallalkozasod-legfontosabb-social-media-mutatoi\/","og_site_name":"MediaPlatz","article_published_time":"2018-10-30T19:27:46+00:00","article_modified_time":"2019-06-17T12:38:10+00:00","author":"Nadja Runge","twitter_card":"summary_large_image","twitter_misc":{"Szerz\u0151:":"Nadja Runge","Becs\u00fclt olvas\u00e1si id\u0151":"12 perc"},"schema":{"@context":"https:\/\/schema.org","@graph":[{"@type":"Article","@id":"https:\/\/mediaplatz.com\/hu\/online-vallalkozasod-legfontosabb-social-media-mutatoi\/#article","isPartOf":{"@id":"https:\/\/mediaplatz.com\/hu\/online-vallalkozasod-legfontosabb-social-media-mutatoi\/"},"author":{"name":"Nadja Runge","@id":"https:\/\/mediaplatz.com\/#\/schema\/person\/da49bc79a21728e7dc962dabe07be566"},"headline":"Online v\u00e1llalkoz\u00e1sod legfontosabb social media mutat\u00f3i","datePublished":"2018-10-30T19:27:46+00:00","dateModified":"2019-06-17T12:38:10+00:00","mainEntityOfPage":{"@id":"https:\/\/mediaplatz.com\/hu\/online-vallalkozasod-legfontosabb-social-media-mutatoi\/"},"wordCount":2390,"commentCount":0,"publisher":{"@id":"https:\/\/mediaplatz.com\/#organization"},"image":{"@id":"https:\/\/mediaplatz.com\/hu\/online-vallalkozasod-legfontosabb-social-media-mutatoi\/#primaryimage"},"thumbnailUrl":"https:\/\/mediaplatz.com\/wp-content\/uploads\/2019\/05\/blog-03.svg","articleSection":["Social Media"],"inLanguage":"hu","potentialAction":[{"@type":"CommentAction","name":"Comment","target":["https:\/\/mediaplatz.com\/hu\/online-vallalkozasod-legfontosabb-social-media-mutatoi\/#respond"]}]},{"@type":"WebPage","@id":"https:\/\/mediaplatz.com\/hu\/online-vallalkozasod-legfontosabb-social-media-mutatoi\/","url":"https:\/\/mediaplatz.com\/hu\/online-vallalkozasod-legfontosabb-social-media-mutatoi\/","name":"Online v\u00e1llalkoz\u00e1sod legfontosabb social media mutat\u00f3i - MediaPlatz","isPartOf":{"@id":"https:\/\/mediaplatz.com\/#website"},"primaryImageOfPage":{"@id":"https:\/\/mediaplatz.com\/hu\/online-vallalkozasod-legfontosabb-social-media-mutatoi\/#primaryimage"},"image":{"@id":"https:\/\/mediaplatz.com\/hu\/online-vallalkozasod-legfontosabb-social-media-mutatoi\/#primaryimage"},"thumbnailUrl":"https:\/\/mediaplatz.com\/wp-content\/uploads\/2019\/05\/blog-03.svg","datePublished":"2018-10-30T19:27:46+00:00","dateModified":"2019-06-17T12:38:10+00:00","breadcrumb":{"@id":"https:\/\/mediaplatz.com\/hu\/online-vallalkozasod-legfontosabb-social-media-mutatoi\/#breadcrumb"},"inLanguage":"hu","potentialAction":[{"@type":"ReadAction","target":["https:\/\/mediaplatz.com\/hu\/online-vallalkozasod-legfontosabb-social-media-mutatoi\/"]}]},{"@type":"ImageObject","inLanguage":"hu","@id":"https:\/\/mediaplatz.com\/hu\/online-vallalkozasod-legfontosabb-social-media-mutatoi\/#primaryimage","url":"https:\/\/mediaplatz.com\/wp-content\/uploads\/2019\/05\/blog-03.svg","contentUrl":"https:\/\/mediaplatz.com\/wp-content\/uploads\/2019\/05\/blog-03.svg"},{"@type":"BreadcrumbList","@id":"https:\/\/mediaplatz.com\/hu\/online-vallalkozasod-legfontosabb-social-media-mutatoi\/#breadcrumb","itemListElement":[{"@type":"ListItem","position":1,"name":"Home","item":"https:\/\/mediaplatz.com\/hu\/"},{"@type":"ListItem","position":2,"name":"Online v\u00e1llalkoz\u00e1sod legfontosabb social media mutat\u00f3i"}]},{"@type":"WebSite","@id":"https:\/\/mediaplatz.com\/#website","url":"https:\/\/mediaplatz.com\/","name":"MediaPlatz","description":"Stresszmentes WordPress t\u00e1rhely \u00e9s karbantart\u00e1s","publisher":{"@id":"https:\/\/mediaplatz.com\/#organization"},"potentialAction":[{"@type":"SearchAction","target":{"@type":"EntryPoint","urlTemplate":"https:\/\/mediaplatz.com\/?s={search_term_string}"},"query-input":"required name=search_term_string"}],"inLanguage":"hu"},{"@type":"Organization","@id":"https:\/\/mediaplatz.com\/#organization","name":"MediaPlatz","url":"https:\/\/mediaplatz.com\/","logo":{"@type":"ImageObject","inLanguage":"hu","@id":"https:\/\/mediaplatz.com\/#\/schema\/logo\/image\/","url":"https:\/\/mediaplatz.com\/wp-content\/uploads\/2020\/05\/MP_logo_inverse.png","contentUrl":"https:\/\/mediaplatz.com\/wp-content\/uploads\/2020\/05\/MP_logo_inverse.png","width":221,"height":16,"caption":"MediaPlatz"},"image":{"@id":"https:\/\/mediaplatz.com\/#\/schema\/logo\/image\/"}},{"@type":"Person","@id":"https:\/\/mediaplatz.com\/#\/schema\/person\/da49bc79a21728e7dc962dabe07be566","name":"Nadja Runge","image":{"@type":"ImageObject","inLanguage":"hu","@id":"https:\/\/mediaplatz.com\/#\/schema\/person\/image\/","url":"https:\/\/secure.gravatar.com\/avatar\/8b25b261857e6135e9f6bfdd46f6172f?s=96&d=mm&r=g","contentUrl":"https:\/\/secure.gravatar.com\/avatar\/8b25b261857e6135e9f6bfdd46f6172f?s=96&d=mm&r=g","caption":"Nadja Runge"},"url":"https:\/\/mediaplatz.com\/hu\/author\/nadja\/"}]}},"_links":{"self":[{"href":"https:\/\/mediaplatz.com\/hu\/wp-json\/wp\/v2\/posts\/387"}],"collection":[{"href":"https:\/\/mediaplatz.com\/hu\/wp-json\/wp\/v2\/posts"}],"about":[{"href":"https:\/\/mediaplatz.com\/hu\/wp-json\/wp\/v2\/types\/post"}],"author":[{"embeddable":true,"href":"https:\/\/mediaplatz.com\/hu\/wp-json\/wp\/v2\/users\/3"}],"replies":[{"embeddable":true,"href":"https:\/\/mediaplatz.com\/hu\/wp-json\/wp\/v2\/comments?post=387"}],"version-history":[{"count":0,"href":"https:\/\/mediaplatz.com\/hu\/wp-json\/wp\/v2\/posts\/387\/revisions"}],"wp:featuredmedia":[{"embeddable":true,"href":"https:\/\/mediaplatz.com\/hu\/wp-json\/wp\/v2\/media\/388"}],"wp:attachment":[{"href":"https:\/\/mediaplatz.com\/hu\/wp-json\/wp\/v2\/media?parent=387"}],"wp:term":[{"taxonomy":"category","embeddable":true,"href":"https:\/\/mediaplatz.com\/hu\/wp-json\/wp\/v2\/categories?post=387"},{"taxonomy":"post_tag","embeddable":true,"href":"https:\/\/mediaplatz.com\/hu\/wp-json\/wp\/v2\/tags?post=387"}],"curies":[{"name":"wp","href":"https:\/\/api.w.org\/{rel}","templated":true}]}}